{"id":13025,"date":"2011-09-04T21:23:04","date_gmt":"2011-09-04T19:23:04","guid":{"rendered":"https:\/\/mediarun.com\/index.php\/news-posts\/gazeta-polska-codziennie-kontra-tvp\/"},"modified":"2011-09-04T21:23:04","modified_gmt":"2011-09-04T19:23:04","slug":"gazeta-polska-codziennie-kontra-tvp","status":"publish","type":"post","link":"https:\/\/mediarun.com\/pl\/media\/prasa\/gazeta-polska-codziennie-kontra-tvp.html","title":{"rendered":"Gazeta Polska Codziennie kontra TVP"},"content":{"rendered":"<p>Zdaniem redakcji i sp&oacute;\u0142ki Forum, wydaj\u0105cej dziennik Gazeta Polska Codziennie, &#8222;dosz\u0142o do skandalicznego dzia\u0142ania cenzury w telewizji publicznej&#8221;, poniewa\u017c nie pozwolono na emisj\u0119 spot&oacute;w reklamuj\u0105cych nowy dziennik. Autorami filmu reklamowego s\u0105 Ewa Stankiewicz i Jan Pospieszalski, a g\u0142&oacute;wnym motywem jest has\u0142o &#8222;Stop cenzurze&#8221;.<\/p>\n<p>Jeszcze w pi\u0105tek (2.09.2011 r.) sp&oacute;\u0142ka Forum zamierza\u0142a wyst\u0105pi\u0107 na drog\u0119 s\u0105dow\u0105 wobec w\u0142adz Telewizji Polskiej. &#8211; Zamierzamy u\u017cy\u0107 wszelkich \u015brodk&oacute;w prawnych, w\u0142\u0105cznie z powiadomieniem prokuratury o pope\u0142nieniu przest\u0119pstwa przez osoby pe\u0142ni\u0105ce funkcje publiczne, dopuszczaj\u0105ce si\u0119 drastycznego i bezprawnego ograniczania wolno\u015bci s\u0142owa. Zamierzamy zwr&oacute;ci\u0107 si\u0119 do polskich i mi\u0119dzynarodowych organizacji, broni\u0105cych praw cz\u0142owieka &#8211; napisali w o\u015bwiadczeniu redaktor naczelny Gazety Polskiej Tomasz Sakiewicz oraz Katarzyna Hejke.<\/p>\n<p>Jednak, kiedy Sakiewicz dowiedzia\u0142 si\u0119, \u017ce TVP zmieni\u0142a zdanie i jeden spot zostanie dopuszczony do emisji, przyzna\u0142 w rozmowie z Gazet\u0105 Wyborcz\u0105, \u017ce w tym wypadku nie p&oacute;jdzie do s\u0105du.<\/p>\n<p>Ostatecznie Telewizja Polska podj\u0119\u0142a decyzj\u0119 o odmowie emisji jednego z dw&oacute;ch dostarczonych spot&oacute;w reklamowych dziennika Gazeta Polska Codziennie. Wed\u0142ug TVP, emisja tego spotu wi\u0105za\u0142aby si\u0119 z naruszeniem og&oacute;lnych przepis&oacute;w prawa polskiego i Kodeksu Etyki Reklamy.<\/p>\n<p>Jak informuje TVP, emisja zakwestionowanego spotu nios\u0142aby ryzyko zarzut&oacute;w propagowania tre\u015bci o charakterze agitacji wyborczej, a zgodnie z przepisami Kodeksu Wyborczego i regulacjami wewn\u0119trznymi TVP, emisja spot&oacute;w o tym charakterze powinna odbywa\u0107 si\u0119 wy\u0142\u0105cznie w p\u0142atnych blokach wyborczych, jedynie na zlecenie zarejestrowanych komitet&oacute;w wyborczych.<\/p>\n<p>TVP podj\u0119\u0142a decyzj\u0119 o warunkowym dopuszczeniu do emisji drugiego ze spot&oacute;w. W przypadku zg\u0142oszenia zastrze\u017ce\u0144 ze strony Krajowej Rady Radiofonii i Telewizji lub innych w\u0142a\u015bciwych organ&oacute;w, TVP zastrzeg\u0142a sobie prawo do wstrzymania emisji. Emisja tego spotu b\u0119dzie zrealizowana po dostarczeniu podpisanego przez zleceniodawc\u0119 dokumentu &ndash; metryki filmu zawieraj\u0105cej wszystkie niezb\u0119dne dane.<\/p>\n<p>Spoty gazety nie pojawi\u0105 si\u0119 w TVN, poniewa\u017c czas reklamowy, w kt&oacute;rym mia\u0142yby by\u0107 one emitowane, stacja ju\u017c sprzeda\u0142a. Prawdopodobnie nada je Polsat &#8211; maj\u0105 by\u0107 emitowane od \u015brody przed &#8222;Wydarzeniami&#8221;.<\/p>\n<p>Gazeta Polska Codziennie ma zadebiutowa\u0107 9 wrze\u015bnia br.<\/p>\n","protected":false},"excerpt":{"rendered":"Gazeta Polska Codziennie zamierza\u0142a powiadomi\u0107 prokuratur\u0119 o pope\u0142nieniu przest\u0119pstwa przez TVP, w zwi\u0105zku z odmow\u0105 emisji spot&oacute;w reklamuj\u0105cych nowy dziennik.","protected":false},"author":1,"featured_media":13026,"comment_status":"open","ping_status":"closed","sticky":false,"template":"","format":"standard","meta":{"csco_display_header_overlay":false,"csco_singular_sidebar":"","csco_page_header_type":"","csco_page_load_nextpost":"","csco_post_video_location":[],"csco_post_video_location_hash":"","csco_post_video_url":"","csco_post_video_bg_start_time":0,"csco_post_video_bg_end_time":0,"footnotes":""},"categories":[9673],"tags":[392],"class_list":{"0":"post-13025","1":"post","2":"type-post","3":"status-publish","4":"format-standard","5":"has-post-thumbnail","7":"category-prasa","8":"tag-tvp","9":"cs-entry","10":"cs-video-wrap"},"_links":{"self":[{"href":"https:\/\/mediarun.com\/pl\/wp-json\/wp\/v2\/posts\/13025","targetHints":{"allow":["GET"]}}],"collection":[{"href":"https:\/\/mediarun.com\/pl\/wp-json\/wp\/v2\/posts"}],"about":[{"href":"https:\/\/mediarun.com\/pl\/wp-json\/wp\/v2\/types\/post"}],"author":[{"embeddable":true,"href":"https:\/\/mediarun.com\/pl\/wp-json\/wp\/v2\/users\/1"}],"replies":[{"embeddable":true,"href":"https:\/\/mediarun.com\/pl\/wp-json\/wp\/v2\/comments?post=13025"}],"version-history":[{"count":0,"href":"https:\/\/mediarun.com\/pl\/wp-json\/wp\/v2\/posts\/13025\/revisions"}],"wp:featuredmedia":[{"embeddable":true,"href":"https:\/\/mediarun.com\/pl\/wp-json\/wp\/v2\/media\/13026"}],"wp:attachment":[{"href":"https:\/\/mediarun.com\/pl\/wp-json\/wp\/v2\/media?parent=13025"}],"wp:term":[{"taxonomy":"category","embeddable":true,"href":"https:\/\/mediarun.com\/pl\/wp-json\/wp\/v2\/categories?post=13025"},{"taxonomy":"post_tag","embeddable":true,"href":"https:\/\/mediarun.com\/pl\/wp-json\/wp\/v2\/tags?post=13025"}],"curies":[{"name":"wp","href":"https:\/\/api.w.org\/{rel}","templated":true}]}}