{"id":13013,"date":"2011-09-05T11:38:35","date_gmt":"2011-09-05T09:38:35","guid":{"rendered":"https:\/\/mediarun.com\/index.php\/news-posts\/w-wakacje-krolowaly-informacje-i-kabarety\/"},"modified":"2011-09-05T11:38:35","modified_gmt":"2011-09-05T09:38:35","slug":"w-wakacje-krolowaly-informacje-i-kabarety","status":"publish","type":"post","link":"https:\/\/mediarun.com\/pl\/media\/tv\/w-wakacje-krolowaly-informacje-i-kabarety.html","title":{"rendered":"W wakacje kr\u00f3lowa\u0142y informacje i kabarety"},"content":{"rendered":"<p>Z raportu Nielsen Audience Measurement, przygotowanego dla Mediarun.pl, wynika, \u017ce najch\u0119tniej ogl\u0105danym programem w wakacje (lipiec-sierpie\u0144 br.) by\u0142 &#8222;Serwis sportowy&#8221; po g\u0142&oacute;wnym wydaniu &#8222;Wiadomo\u015bci&#8221; w TVP1 (emisja 3 lipca, godz. 19.54), kt&oacute;ry przyci\u0105gn\u0105\u0142 przed odbiorniki 4,40 mln widz&oacute;w, a udzia\u0142 Jedynki w rynku w czasie jego emisji wyni&oacute;s\u0142 30,91 proc.<\/p>\n<p>Na drugim miejscu uplasowa\u0142 si\u0119 &#8222;Festiwal Kabaretu w Koszalinie&#8221; w TVP2 (30 lipca, godz. 21.13), kt&oacute;ry zainteresowa\u0142 4,32 mln widz&oacute;w, przy udziale w rynku wynosz\u0105cym 33,30 proc.<\/p>\n<p>Pierwsz\u0105 tr&oacute;jk\u0119 zamkn\u0119\u0142a &#8222;Prognoza pogody&#8221; w TVP1 (27 lipca, godz. 20.13) z wynikiem 4,23 mln telewidz&oacute;w i 32,95 proc. udzia\u0142u w rynku.<\/p>\n<p>Na czwartym miejscu najch\u0119tniej ogl\u0105danych program&oacute;w w okresie lipiec &#8211; sierpie\u0144 br. znalaz\u0142 si\u0119 program &#8222;Kabaretowy Klub Dw&oacute;jki na Wakacjach&#8221; w TVP2 (2 lipca, godz. 21.12) z ogl\u0105dalno\u015bci\u0105 4,10 mln widz&oacute;w, 30,49 proc. udzia\u0142u w rynku.<\/p>\n<p>Pi\u0105te miejsce zaj\u0119\u0142y &#8222;Wiadomo\u015bci&#8221; w TVP1 (21 lipca, godz. 19.30) z ogl\u0105dalno\u015bci\u0105 3,93 mln widz&oacute;w, 33,04 proc. udzia\u0142u.<\/p>\n<p>Kolejne miejsca w rankingu najch\u0119tniej ogl\u0105dalnych program&oacute;w w minionym miesi\u0105cu (TOP10) zaj\u0119\u0142y:<br \/>&#8211; &#8222;Teleexpress&#8221; w TVP1 (3 lipca, godz. 17.00) &#8211; 3,86 mln widz&oacute;w,<br \/>&#8211; &#8222;Jak rozp\u0119ta\u0142em II Wojn\u0119 \u015awiatow\u0105&#8221; w TVP1 (25 lipca, godz. 20.27) &#8211; 3,78 mln widz&oacute;w,<br \/>&#8211; &#8222;Fakty&#8221; w TVN (3 lipca, godz. 19.00) &#8211; 3,70 mln widz&oacute;w,<br \/>&#8211; &#8222;Familiada&#8221; w TVP2 (3 lipca, godz. 14.05) &#8211; 3,61 mln widz&oacute;w<br \/>&#8211; &#8222;Mi\u0119dzynarodowy Festiwal Piosenki i Kultury Rom&oacute;w 2011&#8221; w TVP2 (23 lipca, godz. 22,17) &#8211; \u015brednio 3,59 mln telewidz&oacute;w<\/p>\n<p><em>Dane: Nielsen Audience Measurement, w grupie wszyscy 4+<\/em><\/p>\n<p><strong>+ <a href=\"http:\/\/wiadomosci.mediarun.pl\/artykul\/media-telewizja,3-godz.-dziennie-przed-telewizorem-w-wakacje,10858,4,1,1.html\" target=\"_blank\" rel=\"noopener\">3 godz. dziennie przed telewizorem w wakacje<\/a><\/strong><\/p>\n","protected":false},"excerpt":{"rendered":"W\u015br&oacute;d 10. najch\u0119tniej ogl\u0105danych program&oacute;w w okresie wakacji znalaz\u0142y si\u0119 a\u017c 3 wydania serwis&oacute;w informacyjnych i 2 programy kabaretowe.","protected":false},"author":1,"featured_media":13014,"comment_status":"open","ping_status":"closed","sticky":false,"template":"","format":"standard","meta":{"csco_display_header_overlay":false,"csco_singular_sidebar":"","csco_page_header_type":"","csco_page_load_nextpost":"","csco_post_video_location":[],"csco_post_video_location_hash":"","csco_post_video_url":"","csco_post_video_bg_start_time":0,"csco_post_video_bg_end_time":0,"footnotes":""},"categories":[9670],"tags":[1083,1113],"class_list":{"0":"post-13013","1":"post","2":"type-post","3":"status-publish","4":"format-standard","5":"has-post-thumbnail","7":"category-tv","8":"tag-nielsen-audience-measurement","9":"tag-ogladalnosc","10":"cs-entry","11":"cs-video-wrap"},"_links":{"self":[{"href":"https:\/\/mediarun.com\/pl\/wp-json\/wp\/v2\/posts\/13013","targetHints":{"allow":["GET"]}}],"collection":[{"href":"https:\/\/mediarun.com\/pl\/wp-json\/wp\/v2\/posts"}],"about":[{"href":"https:\/\/mediarun.com\/pl\/wp-json\/wp\/v2\/types\/post"}],"author":[{"embeddable":true,"href":"https:\/\/mediarun.com\/pl\/wp-json\/wp\/v2\/users\/1"}],"replies":[{"embeddable":true,"href":"https:\/\/mediarun.com\/pl\/wp-json\/wp\/v2\/comments?post=13013"}],"version-history":[{"count":0,"href":"https:\/\/mediarun.com\/pl\/wp-json\/wp\/v2\/posts\/13013\/revisions"}],"wp:featuredmedia":[{"embeddable":true,"href":"https:\/\/mediarun.com\/pl\/wp-json\/wp\/v2\/media\/13014"}],"wp:attachment":[{"href":"https:\/\/mediarun.com\/pl\/wp-json\/wp\/v2\/media?parent=13013"}],"wp:term":[{"taxonomy":"category","embeddable":true,"href":"https:\/\/mediarun.com\/pl\/wp-json\/wp\/v2\/categories?post=13013"},{"taxonomy":"post_tag","embeddable":true,"href":"https:\/\/mediarun.com\/pl\/wp-json\/wp\/v2\/tags?post=13013"}],"curies":[{"name":"wp","href":"https:\/\/api.w.org\/{rel}","templated":true}]}}