{"id":13005,"date":"2011-09-05T12:36:04","date_gmt":"2011-09-05T10:36:04","guid":{"rendered":"https:\/\/mediarun.com\/index.php\/news-posts\/lowy-krola-disco-wsparte-kampania-reklamowa-wideo\/"},"modified":"2011-09-05T12:36:04","modified_gmt":"2011-09-05T10:36:04","slug":"lowy-krola-disco-wsparte-kampania-reklamowa-wideo","status":"publish","type":"post","link":"https:\/\/mediarun.com\/pl\/marketing\/atl\/lowy-krola-disco-wsparte-kampania-reklamowa-wideo.html","title":{"rendered":"&#8222;\u0141owy Kr\u00f3la Disco&#8221; wsparte kampani\u0105 reklamow\u0105 (wideo)"},"content":{"rendered":"<p>Aby zainteresowa\u0107 odbiorc&oacute;w nowym programem &#8222;\u0141owy kr&oacute;la disco&#8221; &#8211; g\u0142&oacute;wnej nowo\u015bci w jesiennej ram&oacute;wce Viva Polska &#8211; agencja K2 postanowi\u0142a przybli\u017cy\u0107 posta\u0107 Tomka Niecika, &#8222;rodzimego kr&oacute;la disco, obdarzonego charyzm\u0105 i poczuciem humoru artyst\u0119, a przy tym znanego konesera kobiet&#8221;.<\/p>\n<p>Reklama zewn\u0119trzna to seria malowanych na zam&oacute;wienie portret&oacute;w &#8222;kr&oacute;la&#8221;. Na mniejszych no\u015bnikach (typu City Light) wizerunek Tomasza Niecika zosta\u0142 wzbogacony o jego wyj\u0105tkowo oryginalne z\u0142ote my\u015bli. W spotach telewizyjnych &#8222;kr&oacute;l&#8221; bawi seri\u0105 kr&oacute;tkich skeczy<\/p>\n<p>Kampani\u0119 wzbogaca strona <a rel=\"nofollow noopener\" href=\"http:\/\/www.k2.pl\/facebook_viva\/lowy_krola.html\" target=\"_blank\">www.viva-tv.pl\/lowy<\/a>, na kt&oacute;rej mo\u017cna zapozna\u0107 si\u0119 z kompletem legend o &#8222;kr&oacute;lu&#8221;, jak r&oacute;wnie\u017c \u015bledzi\u0107 post\u0119py w jego \u0142owach.<\/p>\n<p>K2 jest autorem strategii i linii kreatywnej dla ca\u0142ej kampanii, w tym: spot&oacute;w telewizyjnych, kampanii outdoorowej i kampanii internetowej. Dzia\u0142ania promocyjne rozpocz\u0119\u0142y si\u0119 1 wrze\u015bnia i potrwaj\u0105 miesi\u0105c.<\/p>\n<p>Program &#8222;\u0141owy Kr&oacute;la Disco&#8221; rozpocz\u0105\u0142 si\u0119 w Viva Polska 3 wrze\u015bnia i swoje premierowe emisje ma w ka\u017cd\u0105 sobot\u0119 o godz. 19:00 na antenie Viva Polska.<\/p>\n<p>Gospodarzem i g\u0142&oacute;wnym bohaterem programu jest Tomek Niecik, znany z hit&oacute;w: &#8222;Kawalerzy&#8221;, &#8222;Czarna Inez&#8221;, czy &#8222;Cztery osiemnastki&#8221;. Podczas trasy koncertowej po Polsce Niecik wybra\u0142 spo\u015br&oacute;d fanek po jednej dziewczynie. Uczestniczka, kt&oacute;rej dopisze szcz\u0119\u015bcie, b\u0119dzie mia\u0142a szans\u0119 wygra\u0107 program i zdoby\u0107 serce gwiazdy muzyki disco.<\/p>\n","protected":false},"excerpt":{"rendered":"Agencja K2 przygotowa\u0142a kampani\u0119 promocyjn\u0105 nowego programu Viva Polska &#8211; &#8222;\u0141owy Kr&oacute;la Disco&#8221;.","protected":false},"author":1,"featured_media":13006,"comment_status":"open","ping_status":"closed","sticky":false,"template":"","format":"standard","meta":{"csco_display_header_overlay":false,"csco_singular_sidebar":"","csco_page_header_type":"","csco_page_load_nextpost":"","csco_post_video_location":[],"csco_post_video_location_hash":"","csco_post_video_url":"","csco_post_video_bg_start_time":0,"csco_post_video_bg_end_time":0,"footnotes":""},"categories":[9642],"tags":[48,1067,501],"class_list":{"0":"post-13005","1":"post","2":"type-post","3":"status-publish","4":"format-standard","5":"has-post-thumbnail","7":"category-atl","8":"tag-k2","9":"tag-viva-polska","10":"tag-viva","11":"cs-entry","12":"cs-video-wrap"},"_links":{"self":[{"href":"https:\/\/mediarun.com\/pl\/wp-json\/wp\/v2\/posts\/13005","targetHints":{"allow":["GET"]}}],"collection":[{"href":"https:\/\/mediarun.com\/pl\/wp-json\/wp\/v2\/posts"}],"about":[{"href":"https:\/\/mediarun.com\/pl\/wp-json\/wp\/v2\/types\/post"}],"author":[{"embeddable":true,"href":"https:\/\/mediarun.com\/pl\/wp-json\/wp\/v2\/users\/1"}],"replies":[{"embeddable":true,"href":"https:\/\/mediarun.com\/pl\/wp-json\/wp\/v2\/comments?post=13005"}],"version-history":[{"count":0,"href":"https:\/\/mediarun.com\/pl\/wp-json\/wp\/v2\/posts\/13005\/revisions"}],"wp:featuredmedia":[{"embeddable":true,"href":"https:\/\/mediarun.com\/pl\/wp-json\/wp\/v2\/media\/13006"}],"wp:attachment":[{"href":"https:\/\/mediarun.com\/pl\/wp-json\/wp\/v2\/media?parent=13005"}],"wp:term":[{"taxonomy":"category","embeddable":true,"href":"https:\/\/mediarun.com\/pl\/wp-json\/wp\/v2\/categories?post=13005"},{"taxonomy":"post_tag","embeddable":true,"href":"https:\/\/mediarun.com\/pl\/wp-json\/wp\/v2\/tags?post=13005"}],"curies":[{"name":"wp","href":"https:\/\/api.w.org\/{rel}","templated":true}]}}