{"id":13001,"date":"2011-09-05T13:45:57","date_gmt":"2011-09-05T11:45:57","guid":{"rendered":"https:\/\/mediarun.com\/index.php\/news-posts\/mam-talent-wygrywa-z-the-voice-of-poland\/"},"modified":"2011-09-05T13:45:57","modified_gmt":"2011-09-05T11:45:57","slug":"mam-talent-wygrywa-z-the-voice-of-poland","status":"publish","type":"post","link":"https:\/\/mediarun.com\/pl\/media\/tv\/mam-talent-wygrywa-z-the-voice-of-poland.html","title":{"rendered":"&#8222;Mam talent!&#8221; wygrywa z &#8222;The Voice of Poland&#8221;"},"content":{"rendered":"<p>W sobot\u0119, 3 wrze\u015bnia, widzowie zobaczyli pierwszy odcinek programu &#8222;The Voice of Poland&#8221; w TVP2 oraz premierowy odcinek czwartej serii &#8222;Mam talent!&#8221; w TVN. Oba programy s\u0105 emitowane w soboty o godz. 20.00.<\/p>\n<p>Jak wynika z danych Nielsen Audience Measurement, przygotowanych dla Mediarun.pl, wi\u0119ksz\u0105 ogl\u0105dalno\u015bci\u0105 cieszy\u0142 si\u0119 show TVN, kt&oacute;ry zgromadzi\u0142 przed telewizorami \u015brednio 3,79 mln widz&oacute;w, a udzia\u0142 stacji w czasie trwania programu wynosi 28,99 proc.<\/p>\n<p>Nowy program Dw&oacute;jki, kt&oacute;ry zapowiadany by\u0142 jako najwi\u0119kszy hit stacji, przyci\u0105gn\u0105\u0142 przed odbiorniki mniej widz&oacute;w. Format ogl\u0105da\u0142o \u015brednio 2,0 mln widz&oacute;w, czyli 15,37 proc. widowni zasiadaj\u0105cej w tym czasie przed telewizorem. Wi\u0119cej widz&oacute;w przyci\u0105gn\u0119\u0142a druga cze\u015b\u0107 show, nadana po przerwie na &#8222;Panoram\u0119&#8221; &#8211; 2,11 mln widz&oacute;w, 15,85 proc. Pierwsz\u0105 cz\u0119\u015b\u0107, kt&oacute;ra trwa\u0142a od godz. 20.00 do 20.45, \u015bledzi\u0142o 1,88 mln widz&oacute;w, 15,03 proc. udzia\u0142u w rynku.<\/p>\n<p>W sobotni wiecz&oacute;r to w\u0142a\u015bnie program TVN &#8222;Mam talent!&#8221; cieszy\u0142 si\u0119 najwi\u0119ksz\u0105 popularno\u015bci\u0105 &#8211; 3,79 mln widz&oacute;w, 28,99 proc. Drugie miejcie w tym pa\u015bmie zaj\u0119\u0142a Jedynka z wynikiem 2,61 mln widz&oacute;w, 20,85 proc. widowni (m.in. &#8222;Sport&#8221;, &#8222;Pogoda&#8221; oraz film &#8222;Walkiria&#8221;). Dopiero na trzecim znalaz\u0142 si\u0119 hit Dw&oacute;jki &#8222;The Voice of Poland&#8221; &#8211; 2,0 mln widz&oacute;w, 15,37 proc. Polsat zaj\u0105\u0142 czwarte miejsce &#8211; 1,20 mln widz&oacute;w, 9,21 proc. (komedia &#8222;Ry\u015b&#8221;).<\/p>\n<p><em>Dane: Nielsen Audience Measurement, w grupie wszyscy 4+<\/em><\/p>\n","protected":false},"excerpt":{"rendered":"Jesienne ram&oacute;wki ruszy\u0142y pe\u0142n\u0105 par\u0105. W minion\u0105 sobot\u0119 stacje pokaza\u0142y premierowe odcinki swoich najwa\u017cniejszych format&oacute;w.","protected":false},"author":1,"featured_media":13002,"comment_status":"open","ping_status":"closed","sticky":false,"template":"","format":"standard","meta":{"csco_display_header_overlay":false,"csco_singular_sidebar":"","csco_page_header_type":"","csco_page_load_nextpost":"","csco_post_video_location":[],"csco_post_video_location_hash":"","csco_post_video_url":"","csco_post_video_bg_start_time":0,"csco_post_video_bg_end_time":0,"footnotes":""},"categories":[9670],"tags":[1083,1113],"class_list":{"0":"post-13001","1":"post","2":"type-post","3":"status-publish","4":"format-standard","5":"has-post-thumbnail","7":"category-tv","8":"tag-nielsen-audience-measurement","9":"tag-ogladalnosc","10":"cs-entry","11":"cs-video-wrap"},"_links":{"self":[{"href":"https:\/\/mediarun.com\/pl\/wp-json\/wp\/v2\/posts\/13001","targetHints":{"allow":["GET"]}}],"collection":[{"href":"https:\/\/mediarun.com\/pl\/wp-json\/wp\/v2\/posts"}],"about":[{"href":"https:\/\/mediarun.com\/pl\/wp-json\/wp\/v2\/types\/post"}],"author":[{"embeddable":true,"href":"https:\/\/mediarun.com\/pl\/wp-json\/wp\/v2\/users\/1"}],"replies":[{"embeddable":true,"href":"https:\/\/mediarun.com\/pl\/wp-json\/wp\/v2\/comments?post=13001"}],"version-history":[{"count":0,"href":"https:\/\/mediarun.com\/pl\/wp-json\/wp\/v2\/posts\/13001\/revisions"}],"wp:featuredmedia":[{"embeddable":true,"href":"https:\/\/mediarun.com\/pl\/wp-json\/wp\/v2\/media\/13002"}],"wp:attachment":[{"href":"https:\/\/mediarun.com\/pl\/wp-json\/wp\/v2\/media?parent=13001"}],"wp:term":[{"taxonomy":"category","embeddable":true,"href":"https:\/\/mediarun.com\/pl\/wp-json\/wp\/v2\/categories?post=13001"},{"taxonomy":"post_tag","embeddable":true,"href":"https:\/\/mediarun.com\/pl\/wp-json\/wp\/v2\/tags?post=13001"}],"curies":[{"name":"wp","href":"https:\/\/api.w.org\/{rel}","templated":true}]}}