{"id":12985,"date":"2011-09-05T16:08:50","date_gmt":"2011-09-05T14:08:50","guid":{"rendered":"https:\/\/mediarun.com\/index.php\/news-posts\/upc-moze-warunkowo-przejac-aster\/"},"modified":"2011-09-05T16:08:50","modified_gmt":"2011-09-05T14:08:50","slug":"upc-moze-warunkowo-przejac-aster","status":"publish","type":"post","link":"https:\/\/mediarun.com\/pl\/media\/tv\/upc-moze-warunkowo-przejac-aster.html","title":{"rendered":"UPC mo\u017ce warunkowo przej\u0105\u0107 Aster"},"content":{"rendered":"<p>7 grudnia 2010 roku UPC Polska z\u0142o\u017cy\u0142o do Urz\u0119du Ochrony Konkurencji i Konsument&oacute;w wniosek o wyra\u017cenie zgody na przej\u0119cie kontroli nad Aster. Obie sp&oacute;\u0142ki \u015bwiadcz\u0105 us\u0142ugi p\u0142atnej telewizji kablowej, dost\u0119pu do szerokopasmowego internetu oraz telefonii stacjonarnej. W zwi\u0105zku z tym, \u017ce \u0142\u0105czny obr&oacute;t uczestnik&oacute;w transakcji przekroczy\u0142 r&oacute;wnowarto\u015b\u0107 1 mld euro, koncentracja podlega\u0142a zg\u0142oszeniu Prezesowi Urz\u0119du Ochrony Konkurencji i Konsument&oacute;w.<\/p>\n<p>Zdaniem UOKiK realizacja transakcji doprowadzi\u0142aby do istotnego ograniczenia konkurencji na rynku us\u0142ug dost\u0119pu do p\u0142atnej telewizji oraz szerokopasmowego stacjonarnego dost\u0119pu do internetu na terenie dw&oacute;ch miast (Warszawy i Krakowa), ze szkod\u0105 dla odbiorc&oacute;w.<\/p>\n<p>Dlatego UOKiK uzna\u0142, \u017ce koncentracja mo\u017ce si\u0119 odby\u0107 pod okre\u015blonymi warunkami. Przede wszystkim docelowo nie powinna ogranicza\u0107 abonentom wyboru operatora na terenach, gdzie taka mo\u017cliwo\u015b\u0107 istnia\u0142a do tej pory oraz nie mo\u017ce by\u0107 dla nich uci\u0105\u017cliwa<\/p>\n<p>Zgodnie z decyzj\u0105, UPC Polska mo\u017ce przej\u0105\u0107 kontrol\u0119 nad Aster, je\u015bli w okresie 18 miesi\u0119cy od jej wydania, w Krakowie i Warszawie odsprzeda cz\u0119\u015b\u0107 sieci nale\u017c\u0105c\u0105 do Aster, w budynkach, w kt&oacute;rych us\u0142ugi dotychczas \u015bwiadczy\u0142y obie sp&oacute;\u0142ki. Sprzeda\u017c musi nast\u0105pi\u0107 na rzecz przedsi\u0119biorc&oacute;w spoza grupy kapita\u0142owej przejmuj\u0105cego, po zatwierdzeniu transakcji przez UOKiK.<\/p>\n<p>Przypomnijmy, \u017ce w grudniu 2010 r. UPC og\u0142osi\u0142o, \u017ce chce kupi\u0107 100 proc. akcji Aster za kwot\u0119 870 mln z\u0142 i przej\u0105\u0107 jego zad\u0142u\u017cenie w wysoko\u015bci 1,53 mld z\u0142.<\/p>\n<p><strong>+ <a href=\"http:\/\/wiadomosci.mediarun.pl\/artykul\/media-telewizja,aster-w-rekach-upc-polska,9023,4,1,1.html\" target=\"_blank\" rel=\"noopener\">Aster w r\u0119kach UPC Polska<\/a><\/strong><\/p>\n","protected":false},"excerpt":{"rendered":"Prezes UOKiK zgodzi\u0142a si\u0119 na przej\u0119cie przez w\u0142a\u015bciciela UPC Polska sieci Aster, pod warunkiem odsprzeda\u017cy przez sp&oacute;\u0142k\u0119 cz\u0119\u015bci sieci w Warszawie i Krakowie.","protected":false},"author":1,"featured_media":12986,"comment_status":"open","ping_status":"closed","sticky":false,"template":"","format":"standard","meta":{"csco_display_header_overlay":false,"csco_singular_sidebar":"","csco_page_header_type":"","csco_page_load_nextpost":"","csco_post_video_location":[],"csco_post_video_location_hash":"","csco_post_video_url":"","csco_post_video_bg_start_time":0,"csco_post_video_bg_end_time":0,"footnotes":""},"categories":[9670],"tags":[1513,817,309],"class_list":{"0":"post-12985","1":"post","2":"type-post","3":"status-publish","4":"format-standard","5":"has-post-thumbnail","7":"category-tv","8":"tag-aster","9":"tag-uokik","10":"tag-upc","11":"cs-entry","12":"cs-video-wrap"},"_links":{"self":[{"href":"https:\/\/mediarun.com\/pl\/wp-json\/wp\/v2\/posts\/12985","targetHints":{"allow":["GET"]}}],"collection":[{"href":"https:\/\/mediarun.com\/pl\/wp-json\/wp\/v2\/posts"}],"about":[{"href":"https:\/\/mediarun.com\/pl\/wp-json\/wp\/v2\/types\/post"}],"author":[{"embeddable":true,"href":"https:\/\/mediarun.com\/pl\/wp-json\/wp\/v2\/users\/1"}],"replies":[{"embeddable":true,"href":"https:\/\/mediarun.com\/pl\/wp-json\/wp\/v2\/comments?post=12985"}],"version-history":[{"count":0,"href":"https:\/\/mediarun.com\/pl\/wp-json\/wp\/v2\/posts\/12985\/revisions"}],"wp:featuredmedia":[{"embeddable":true,"href":"https:\/\/mediarun.com\/pl\/wp-json\/wp\/v2\/media\/12986"}],"wp:attachment":[{"href":"https:\/\/mediarun.com\/pl\/wp-json\/wp\/v2\/media?parent=12985"}],"wp:term":[{"taxonomy":"category","embeddable":true,"href":"https:\/\/mediarun.com\/pl\/wp-json\/wp\/v2\/categories?post=12985"},{"taxonomy":"post_tag","embeddable":true,"href":"https:\/\/mediarun.com\/pl\/wp-json\/wp\/v2\/tags?post=12985"}],"curies":[{"name":"wp","href":"https:\/\/api.w.org\/{rel}","templated":true}]}}