{"id":12975,"date":"2011-09-05T22:03:13","date_gmt":"2011-09-05T20:03:13","guid":{"rendered":"https:\/\/mediarun.com\/index.php\/news-posts\/potrzebowski-odchodzi-z-zenithoptimedia-group\/"},"modified":"2011-09-05T22:03:13","modified_gmt":"2011-09-05T20:03:13","slug":"potrzebowski-odchodzi-z-zenithoptimedia-group","status":"publish","type":"post","link":"https:\/\/mediarun.com\/pl\/marketing\/atl\/potrzebowski-odchodzi-z-zenithoptimedia-group.html","title":{"rendered":"Potrzebowski odchodzi z ZenithOptimedia Group"},"content":{"rendered":"<p>Potrzebowski, kt&oacute;ry by\u0142 zwi\u0105zany z firm\u0105 od 16 lat, odchodzi na w\u0142asn\u0105 pro\u015bb\u0119, nie ujawnia jednak powod&oacute;w swojej decyzji ani dalszych plan&oacute;w zawodowych.<\/p>\n<p>&#8211; Ponad 16 lat sp\u0119dzonych w grupie ZOG by\u0142o niesamowitym do\u015bwiadczeniem. Mia\u0142em okazj\u0119 budowa\u0107 pozycj\u0119 firmy, pracowa\u0107 dla nagradzanych kampanii, spotyka\u0107 si\u0119 z niesamowitymi lud\u017ami. Dzi\u0119kuj\u0119 wszystkim kole\u017cankom i kolegom za te lata &#8211; powiedzia\u0142&nbsp;Jakub Potrzebowski.<\/p>\n<p>Monika Bronowska od kwietnia 2011 r. pe\u0142ni\u0142a funkcj\u0119 dyrektora zarz\u0105dzaj\u0105cego ZenithOptimedia Group.<\/p>\n<p>W latach 2008-2011 zajmowa\u0142a stanowisko zast\u0119pcy dyrektora departamentu komunikacji marketingowej ds. medi&oacute;w w Polkomtelu. Wcze\u015bniej pracowa\u0142a w ZenithOptimedia Group zajmuj\u0105c si\u0119 obs\u0142ug\u0105 klienta m.in. jako client service director. Pracowa\u0142a tak\u017ce w agencjach Testardo i Universal McCann.<\/p>\n<p>ZenithOptimedia Group nale\u017cy do grona najwi\u0119kszych dom&oacute;w mediowych dzia\u0142aj\u0105cych na polskim rynku. Zatrudnia 148 os&oacute;b. Obs\u0142uguje m.in. takie marki jak L&#8217;Oreal, Toyota, Reckitt Benckiser, Netia, Wedel, Maspex, Aviva, Hochland, Sanofi, Totalizator Sportowy i Cyfra+.<\/p>\n","protected":false},"excerpt":{"rendered":"Monika Bronowska zast\u0105pi\u0142a Jakuba Potrzebowskiego na stanowisku prezesa zarz\u0105du domu mediowego ZenithOptimedia Group.","protected":false},"author":1,"featured_media":12976,"comment_status":"open","ping_status":"closed","sticky":false,"template":"","format":"standard","meta":{"csco_display_header_overlay":false,"csco_singular_sidebar":"","csco_page_header_type":"","csco_page_load_nextpost":"","csco_post_video_location":[],"csco_post_video_location_hash":"","csco_post_video_url":"","csco_post_video_bg_start_time":0,"csco_post_video_bg_end_time":0,"footnotes":""},"categories":[9642],"tags":[596],"class_list":{"0":"post-12975","1":"post","2":"type-post","3":"status-publish","4":"format-standard","5":"has-post-thumbnail","7":"category-atl","8":"tag-zenith-optimedia-group","9":"cs-entry","10":"cs-video-wrap"},"_links":{"self":[{"href":"https:\/\/mediarun.com\/pl\/wp-json\/wp\/v2\/posts\/12975","targetHints":{"allow":["GET"]}}],"collection":[{"href":"https:\/\/mediarun.com\/pl\/wp-json\/wp\/v2\/posts"}],"about":[{"href":"https:\/\/mediarun.com\/pl\/wp-json\/wp\/v2\/types\/post"}],"author":[{"embeddable":true,"href":"https:\/\/mediarun.com\/pl\/wp-json\/wp\/v2\/users\/1"}],"replies":[{"embeddable":true,"href":"https:\/\/mediarun.com\/pl\/wp-json\/wp\/v2\/comments?post=12975"}],"version-history":[{"count":0,"href":"https:\/\/mediarun.com\/pl\/wp-json\/wp\/v2\/posts\/12975\/revisions"}],"wp:featuredmedia":[{"embeddable":true,"href":"https:\/\/mediarun.com\/pl\/wp-json\/wp\/v2\/media\/12976"}],"wp:attachment":[{"href":"https:\/\/mediarun.com\/pl\/wp-json\/wp\/v2\/media?parent=12975"}],"wp:term":[{"taxonomy":"category","embeddable":true,"href":"https:\/\/mediarun.com\/pl\/wp-json\/wp\/v2\/categories?post=12975"},{"taxonomy":"post_tag","embeddable":true,"href":"https:\/\/mediarun.com\/pl\/wp-json\/wp\/v2\/tags?post=12975"}],"curies":[{"name":"wp","href":"https:\/\/api.w.org\/{rel}","templated":true}]}}