{"id":12941,"date":"2011-09-06T16:39:48","date_gmt":"2011-09-06T14:39:48","guid":{"rendered":"https:\/\/mediarun.com\/index.php\/news-posts\/nowe-osoby-w-kierownictwie-redakcji-top-gear\/"},"modified":"2015-03-17T11:29:07","modified_gmt":"2015-03-17T11:29:07","slug":"nowe-osoby-w-kierownictwie-redakcji-top-gear","status":"publish","type":"post","link":"https:\/\/mediarun.com\/pl\/ludzie\/kariera\/nowe-osoby-w-kierownictwie-redakcji-top-gear.html","title":{"rendered":"Nowe osoby w kierownictwie redakcji Top Gear"},"content":{"rendered":"<p>Obsadzone zosta\u0142o stanowisko redaktora naczelnego, jego zast\u0119pcy oraz dyrektora artystycznego miesi\u0119cznika.<\/p>\n<p>Redaktorem naczelnym Top Gear zosta\u0142 Szymon So\u0142tysik, dotychczas p.o. redaktora naczelnego tego tytu\u0142u. Jego zast\u0119pca to Rafa\u0142 S\u0119kalski, kt&oacute;ry do tej pory pracowa\u0142 jako szef wyda\u0144 specjalnych Auto \u015awiata. Stanowisko dyrektora artystycznego obj\u0105\u0142 Krzysztof Kubicki, wcze\u015bniej odpowiedzialny za szat\u0119 graficzn\u0105 magazynu Auto \u015awiat 4&#215;4, a ostatnio p.o. dyrektora artystycznego Top Gear po przej\u0119ciu tytu\u0142u przez nowego wydawc\u0119.<\/p>\n<p>Ringier Axel Springer Polska przej\u0105\u0142 prawa licencyjne do polskiej edycji czasopisma Top Gear w czerwcu tego roku od brytyjskiej sp&oacute;\u0142ki BBC Magazines. Tytu\u0142 do\u0142\u0105czy\u0142 do portfolio motoryzacyjnego wydawcy od wrze\u015bniowego wydania.<\/p>\n","protected":false},"excerpt":{"rendered":"Ringier Axel Springer Polska zako\u0144czy\u0142 tworzenie struktury redakcji magazynu Top Gear.","protected":false},"author":1,"featured_media":12942,"comment_status":"open","ping_status":"closed","sticky":false,"template":"","format":"standard","meta":{"csco_display_header_overlay":false,"csco_singular_sidebar":"","csco_page_header_type":"","csco_page_load_nextpost":"","csco_post_video_location":[],"csco_post_video_location_hash":"","csco_post_video_url":"","csco_post_video_bg_start_time":0,"csco_post_video_bg_end_time":0,"footnotes":""},"categories":[5909],"tags":[126,1494],"class_list":{"0":"post-12941","1":"post","2":"type-post","3":"status-publish","4":"format-standard","5":"has-post-thumbnail","7":"category-kariera","8":"tag-ringier-axel-springer","9":"tag-top-gear","10":"cs-entry","11":"cs-video-wrap"},"_links":{"self":[{"href":"https:\/\/mediarun.com\/pl\/wp-json\/wp\/v2\/posts\/12941","targetHints":{"allow":["GET"]}}],"collection":[{"href":"https:\/\/mediarun.com\/pl\/wp-json\/wp\/v2\/posts"}],"about":[{"href":"https:\/\/mediarun.com\/pl\/wp-json\/wp\/v2\/types\/post"}],"author":[{"embeddable":true,"href":"https:\/\/mediarun.com\/pl\/wp-json\/wp\/v2\/users\/1"}],"replies":[{"embeddable":true,"href":"https:\/\/mediarun.com\/pl\/wp-json\/wp\/v2\/comments?post=12941"}],"version-history":[{"count":0,"href":"https:\/\/mediarun.com\/pl\/wp-json\/wp\/v2\/posts\/12941\/revisions"}],"wp:featuredmedia":[{"embeddable":true,"href":"https:\/\/mediarun.com\/pl\/wp-json\/wp\/v2\/media\/12942"}],"wp:attachment":[{"href":"https:\/\/mediarun.com\/pl\/wp-json\/wp\/v2\/media?parent=12941"}],"wp:term":[{"taxonomy":"category","embeddable":true,"href":"https:\/\/mediarun.com\/pl\/wp-json\/wp\/v2\/categories?post=12941"},{"taxonomy":"post_tag","embeddable":true,"href":"https:\/\/mediarun.com\/pl\/wp-json\/wp\/v2\/tags?post=12941"}],"curies":[{"name":"wp","href":"https:\/\/api.w.org\/{rel}","templated":true}]}}