{"id":12939,"date":"2011-09-06T16:40:03","date_gmt":"2011-09-06T14:40:03","guid":{"rendered":"https:\/\/mediarun.com\/index.php\/news-posts\/rosnie-liczba-radiowych-heavy-userow\/"},"modified":"2011-09-06T16:40:03","modified_gmt":"2011-09-06T14:40:03","slug":"rosnie-liczba-radiowych-heavy-userow","status":"publish","type":"post","link":"https:\/\/mediarun.com\/pl\/media\/radio\/rosnie-liczba-radiowych-heavy-userow.html","title":{"rendered":"Ro\u015bnie liczba radiowych heavy user\u00f3w"},"content":{"rendered":"<p>Radio jest jednym z najcz\u0119\u015bciej u\u017cywanych medi&oacute;w &#8211; \u015brednio ka\u017cdego dnia skupia 79,7 proc. Polak&oacute;w w wieku 15-75 lat. Od pocz\u0105tku roku przybywa os&oacute;b, kt&oacute;re s\u0142uchaj\u0105 radia przez ponad 8 godzin dziennie. Obecnie stanowi\u0105 ju\u017c blisko jedn\u0105 pi\u0105t\u0105 wszystkich s\u0142uchaczy &#8211; w okresie maj-lipiec br. radia s\u0142ucha\u0142o ponad 8 godzin 19,1 proc. s\u0142uchaczy. Na pocz\u0105tku tego roku by\u0142o to tylko 17,6 proc. Spada natomiast liczba os&oacute;b, kt&oacute;re s\u0142uchaj\u0105 radia kr&oacute;tko: do godziny i w przedziale 1-2 godziny.<\/p>\n<p>Wzrost liczby os&oacute;b, kt&oacute;re maj\u0105 d\u0142ugo w\u0142\u0105czone odbiorniki mo\u017ce by\u0107 efektem sezonu wakacyjnego, kiedy to tradycyjnie Polacy d\u0142u\u017cej i cz\u0119\u015bciej s\u0142uchaj\u0105 radia oraz zmian programowych i muzycznych w rozg\u0142o\u015bniach, kt&oacute;rych ram&oacute;wki s\u0105 coraz lepiej dopasowane do oczekiwa\u0144 i potrzeb odbiorc&oacute;w.<\/p>\n<p>S\u0142uchacze sp\u0119dzaj\u0105cy z radiem najwi\u0119cej czasu to w wi\u0119kszo\u015bci doro\u015bli: osoby w wieku 25-39 lat stanowi\u0105 37,8 proc. (w\u015br&oacute;d wszystkich respondent&oacute;w jest ich zdecydowanie mniej &#8211; tylko 29,3 proc.), a w wieku 40-59 lat &#8211; 39,3 proc. (w\u015br&oacute;d wszystkich &#8211; 35,7 proc.).<\/p>\n<p>Ponad po\u0142owa s\u0142uchaczy-heavy user&oacute;w to osoby z wykszta\u0142ceniem \u015brednim (51,2 proc.), kolejnych 23,3 proc. ma wykszta\u0142cenie wy\u017csze. Mniejsze grupy stanowi\u0105 osoby z wykszta\u0142ceniem zawodowym (17,8 proc.) i podstawowym (7,6 proc.). W\u015br&oacute;d os&oacute;b sp\u0119dzaj\u0105cych z radiem ponad 6 godzin jest du\u017co wi\u0119cej pracownik&oacute;w umys\u0142owych ni\u017c w ca\u0142ej populacji &#8211; stanowi\u0105 22,1 proc. tych s\u0142uchaczy. Wi\u0119cej jest te\u017c m.in. w\u0142a\u015bcicieli firm (10,9 proc.), dyrektor&oacute;w i przedstawicieli wolnych zawod&oacute;w (14,8 proc.) oraz robotnik&oacute;w wykwalifikowanych (22,4 proc.).<\/p>\n<p><em>Dane: Radio Track, Millward Brown SMG\/KRC, V-VII 2011<\/em><\/p>\n","protected":false},"excerpt":{"rendered":"Ju\u017c co pi\u0105ty s\u0142uchacz sp\u0119dza z radiem ponad osiem godzin dziennie. Od pocz\u0105tku tego roku takich os&oacute;b przyby\u0142o blisko 300 tys.","protected":false},"author":1,"featured_media":12940,"comment_status":"open","ping_status":"closed","sticky":false,"template":"","format":"standard","meta":{"csco_display_header_overlay":false,"csco_singular_sidebar":"","csco_page_header_type":"","csco_page_load_nextpost":"","csco_post_video_location":[],"csco_post_video_location_hash":"","csco_post_video_url":"","csco_post_video_bg_start_time":0,"csco_post_video_bg_end_time":0,"footnotes":""},"categories":[9672],"tags":[1298,1753],"class_list":{"0":"post-12939","1":"post","2":"type-post","3":"status-publish","4":"format-standard","5":"has-post-thumbnail","7":"category-radio","8":"tag-radio-track","9":"tag-sluchalnosc","10":"cs-entry","11":"cs-video-wrap"},"_links":{"self":[{"href":"https:\/\/mediarun.com\/pl\/wp-json\/wp\/v2\/posts\/12939","targetHints":{"allow":["GET"]}}],"collection":[{"href":"https:\/\/mediarun.com\/pl\/wp-json\/wp\/v2\/posts"}],"about":[{"href":"https:\/\/mediarun.com\/pl\/wp-json\/wp\/v2\/types\/post"}],"author":[{"embeddable":true,"href":"https:\/\/mediarun.com\/pl\/wp-json\/wp\/v2\/users\/1"}],"replies":[{"embeddable":true,"href":"https:\/\/mediarun.com\/pl\/wp-json\/wp\/v2\/comments?post=12939"}],"version-history":[{"count":0,"href":"https:\/\/mediarun.com\/pl\/wp-json\/wp\/v2\/posts\/12939\/revisions"}],"wp:featuredmedia":[{"embeddable":true,"href":"https:\/\/mediarun.com\/pl\/wp-json\/wp\/v2\/media\/12940"}],"wp:attachment":[{"href":"https:\/\/mediarun.com\/pl\/wp-json\/wp\/v2\/media?parent=12939"}],"wp:term":[{"taxonomy":"category","embeddable":true,"href":"https:\/\/mediarun.com\/pl\/wp-json\/wp\/v2\/categories?post=12939"},{"taxonomy":"post_tag","embeddable":true,"href":"https:\/\/mediarun.com\/pl\/wp-json\/wp\/v2\/tags?post=12939"}],"curies":[{"name":"wp","href":"https:\/\/api.w.org\/{rel}","templated":true}]}}