{"id":12897,"date":"2011-09-07T15:14:21","date_gmt":"2011-09-07T13:14:21","guid":{"rendered":"https:\/\/mediarun.com\/index.php\/news-posts\/saab-zmaga-sie-z-widmem-bankructwa\/"},"modified":"2011-09-07T15:14:21","modified_gmt":"2011-09-07T13:14:21","slug":"saab-zmaga-sie-z-widmem-bankructwa","status":"publish","type":"post","link":"https:\/\/mediarun.com\/pl\/inne\/saab-zmaga-sie-z-widmem-bankructwa.html","title":{"rendered":"Saab zmaga si\u0119\u00a0z widmem bankructwa"},"content":{"rendered":"<p>Po raz pierwszy produkcj\u0119 samochod&oacute;w koncern zawiesi\u0142 w maju, jednak zosta\u0142a ona na kr&oacute;tko wznowiona i ponownie zatrzymana w czerwcu. Od tego czasu sp&oacute;\u0142ka nieustannie gromadzi fundusze niezb\u0119dne do wznowienia operacji.<\/p>\n<p>Wed\u0142ug najnowszych informacji, kt&oacute;re przytacza Gazeta Prawna, koncern jest ju\u017c bliski porozumienia z jednym z bank&oacute;w, kt&oacute;ry ma przyzna\u0107 mu po\u017cyczk\u0119 w wysoko\u015bci 1 mld koron szwedzkich (155 mln dolar&oacute;w). W mi\u0119dzyczasie sp&oacute;\u0142ka z\u0142o\u017cy\u0142a w s\u0105dzie okr\u0119gowym w Vaenerborg wniosek o ochron\u0119 przed d\u0142u\u017cnikami.<\/p>\n<p>Jak stwierdzi\u0142 dyrektor zarz\u0105dzaj\u0105cy firmy, Victor Muller, tylko dobrowolny proces reorganizacji mo\u017ce zapewni\u0107 firmie ochron\u0119 oraz stabilizacj\u0119 biznesu. W zale\u017cno\u015bci od decyzji, jak\u0105 podejmie s\u0105d, reorganizacja firmy b\u0119dzie trwa\u0142a co najmniej trzy miesi\u0105ce, a mo\u017ce si\u0119 przed\u0142u\u017cy\u0107 nawet do roku.<\/p>\n<p>W lutym 2010 roku koncern General Motors za cen\u0119 400 mln dolar&oacute;w sprzeda\u0142 Saab Automobile holenderskiej sp&oacute;\u0142ce Spyker Cars, obecnie Swedish Automobile. Gazeta Prawna przypomina, \u017ce od tego czasu Saab, opr&oacute;cz problem&oacute;w z p\u0142ynno\u015bci\u0105 produkcji, zmuszony by\u0142 op&oacute;\u017ania\u0107 nawet wyp\u0142aty wynagrodzenia dla swoich pracownik&oacute;w, co zmusi\u0142o zwi\u0105zki zawodowe do z\u0142o\u017cenia formalnego wniosku o og\u0142oszenia bankructwa firmy.<\/p>\n","protected":false},"excerpt":{"rendered":"64-letni szwedzki koncern samochodowy zwr&oacute;ci\u0142 si\u0119 do s\u0105du z wnioskiem o ochron\u0119 przed wierzycielami &#8211; informuje Gazeta Prawna.","protected":false},"author":1,"featured_media":12898,"comment_status":"open","ping_status":"closed","sticky":false,"template":"","format":"standard","meta":{"csco_display_header_overlay":false,"csco_singular_sidebar":"","csco_page_header_type":"","csco_page_load_nextpost":"","csco_post_video_location":[],"csco_post_video_location_hash":"","csco_post_video_url":"","csco_post_video_bg_start_time":0,"csco_post_video_bg_end_time":0,"footnotes":""},"categories":[47],"tags":[609],"class_list":{"0":"post-12897","1":"post","2":"type-post","3":"status-publish","4":"format-standard","5":"has-post-thumbnail","7":"category-inne","8":"tag-saab","9":"cs-entry","10":"cs-video-wrap"},"_links":{"self":[{"href":"https:\/\/mediarun.com\/pl\/wp-json\/wp\/v2\/posts\/12897","targetHints":{"allow":["GET"]}}],"collection":[{"href":"https:\/\/mediarun.com\/pl\/wp-json\/wp\/v2\/posts"}],"about":[{"href":"https:\/\/mediarun.com\/pl\/wp-json\/wp\/v2\/types\/post"}],"author":[{"embeddable":true,"href":"https:\/\/mediarun.com\/pl\/wp-json\/wp\/v2\/users\/1"}],"replies":[{"embeddable":true,"href":"https:\/\/mediarun.com\/pl\/wp-json\/wp\/v2\/comments?post=12897"}],"version-history":[{"count":0,"href":"https:\/\/mediarun.com\/pl\/wp-json\/wp\/v2\/posts\/12897\/revisions"}],"wp:featuredmedia":[{"embeddable":true,"href":"https:\/\/mediarun.com\/pl\/wp-json\/wp\/v2\/media\/12898"}],"wp:attachment":[{"href":"https:\/\/mediarun.com\/pl\/wp-json\/wp\/v2\/media?parent=12897"}],"wp:term":[{"taxonomy":"category","embeddable":true,"href":"https:\/\/mediarun.com\/pl\/wp-json\/wp\/v2\/categories?post=12897"},{"taxonomy":"post_tag","embeddable":true,"href":"https:\/\/mediarun.com\/pl\/wp-json\/wp\/v2\/tags?post=12897"}],"curies":[{"name":"wp","href":"https:\/\/api.w.org\/{rel}","templated":true}]}}