{"id":12867,"date":"2011-09-08T14:08:20","date_gmt":"2011-09-08T12:08:20","guid":{"rendered":"https:\/\/mediarun.com\/index.php\/news-posts\/9-festiwal-sacrum-profanum-na-antenach-polskiego-radia\/"},"modified":"2011-09-08T14:08:20","modified_gmt":"2011-09-08T12:08:20","slug":"9-festiwal-sacrum-profanum-na-antenach-polskiego-radia","status":"publish","type":"post","link":"https:\/\/mediarun.com\/pl\/media\/radio\/9-festiwal-sacrum-profanum-na-antenach-polskiego-radia.html","title":{"rendered":"9. Festiwal Sacrum Profanum na antenach Polskiego Radia"},"content":{"rendered":"<p><strong>9. Sacrum Profanum potrwa<\/strong> <strong>od 11 do 17 wrze\u015bnia<\/strong>. W ca\u0142o\u015bci zostanie po\u015bwi\u0119cony tw&oacute;rcom ameryka\u0144skim, a jego go\u015bciem specjalnym b\u0119dzie Steve Reich, kt&oacute;ry w Krakowie b\u0119dzie \u015bwi\u0119towa\u0142 swoje 75. urodziny. Jego dzie\u0142a zdominuj\u0105 sze\u015b\u0107 festiwalowych transmisji, kt&oacute;re przeprowadzi radiowa Dw&oacute;jka.<\/p>\n<p><strong>11 wrze\u015bnia o godz. 19.30<\/strong> w Hali Ocynowni ArcelorMittal rozpocznie si\u0119 koncert inauguracyjny. Na pocz\u0105tek zaprezentowana zostanie kompozycja Paw\u0142a Mykietyna &#8222;Dwa wiersze Mi\u0142osza&#8221;, stanowi\u0105ca pierwsz\u0105 cz\u0119\u015b\u0107 projektu &#8222;Sacrum Profanum, Made in Poland &#8211; Mi\u0142osz Sounds&#8221;.<\/p>\n<p>W przedsi\u0119wzi\u0119ciu tym wzi\u0119\u0142o udzia\u0142 pi\u0119cioro polskich kompozytor&oacute;w m\u0142odego pokolenia: Pawe\u0142 Mykietyn, Agata Zubel, Jagoda Szmytka, Aleksandra Gryka i Wojciech Ziemowit Zych, kt&oacute;rzy z okazji setnej rocznicy urodzin Mi\u0142osza przygotowali pi\u0119\u0107 utwor&oacute;w inspirowanych tw&oacute;rczo\u015bci\u0105 poety. W roli recytator&oacute;w wyst\u0105pi\u0105 Maja Ostaszewska i Zygmunt Malanowicz, zagra znakomity zesp&oacute;\u0142 Ensemble Modern, a ca\u0142o\u015bci\u0105 pokieruje Brad Lubman.<\/p>\n<p>11 wrze\u015bnia przypada 10. rocznica zamach&oacute;w terrorystycznych na Stany Zjednoczone. W zwi\u0105zku z tym program pozosta\u0142ej cz\u0119\u015bci koncertu, zawieraj\u0105cy dzie\u0142a Steve&#8217;a Reicha, uhonoruje ofiary tych tragicznych wydarze\u0144. Obok samego kompozytora wyst\u0105pi\u0105 muzycy zwi\u0105zani z jego tw&oacute;rczo\u015bci\u0105: zespo\u0142y Ensemble Modern i Synergy Vocals, a tak\u017ce gitarzysta Jonny Greenwood, graj\u0105cy z legendarnym brytyjskim Radiohead.<\/p>\n<p>Na pocz\u0105tek zabrzmi utw&oacute;r &#8222;Daniel Variations&#8221; &#8211; muzyczne epitafium dla ameryka\u0144skiego dziennikarza i skrzypka Daniela Pearla, kt&oacute;ry zgin\u0105\u0142 w 2003 roku w Pakistanie, uprowadzony i zamordowany przez terroryst&oacute;w muzu\u0142ma\u0144skich.<\/p>\n<p>Nast\u0119pnie, <strong>o<\/strong> <strong>godz. 21.05<\/strong>, wyst\u0105pi Jonny Greenwood, kt&oacute;ry zaprezentuje utw&oacute;r &#8222;Electric Counterpoint&#8221; sk\u0142adaj\u0105cy si\u0119 z trzech cz\u0119\u015bci: Fast, Slow i Fast. A na zako\u0144czenie wieczoru &#8222;Music for 18 Musicians&#8221;, w kt&oacute;rym zespo\u0142owi Ensemble Modern jako pianista towarzyszy\u0107 b\u0119dzie sam Steve Reich. To utw&oacute;r przeznaczony na wiolonczel\u0119, skrzypce, dwa klarnety, cztery fortepiany, trzy marimby i g\u0142osy.<\/p>\n<p><strong>Koncertu inauguracyjnego b\u0119dzie mo\u017cna wys\u0142ucha\u0107 w ca\u0142o\u015bci w <\/strong><strong>Programie II, a jego drugiej cz\u0119\u015bci, od godz. <\/strong><strong>21.05, dodatkowo tak\u017ce w <\/strong><strong>Programie III.<\/strong><\/p>\n<p>W poniedzia\u0142kowy wiecz&oacute;r, <strong>12 wrze\u015bnia o godz. 22.00<\/strong>, radiowa Dw&oacute;jka zaprosi na transmisj\u0119 z Teatru \u0141a\u017ania Nowa. W wykonaniu Synergy Vocals i Ensemble Modern pod dyrekcj\u0105 Brada Lubmana zabrzmi &#8222;Three Tales&#8221; &#8211; opera wideo w 3 aktach, przygotowana przez Steve&#8217;a Reicha we wsp&oacute;\u0142pracy z Beryl Korot, jedn\u0105 z pionierek ameryka\u0144skiej sztuki wideo wczesnych lat 70.<\/p>\n<p><strong>13 wrze\u015bnia o godz. 22.00<\/strong> w Teatrze \u0141a\u017ania Nowa zaprezentowane zostan\u0105 kolejne dzie\u0142a Steve&#8217;a Reicha, ponownie w wykonaniu Synergy Vocals i Ensemble Modern pod batut\u0105 Brada Lubmana. &#8222;Different Trains&#8221; to utw&oacute;r na kwartet smyczkowy i ta\u015bm\u0119, z\u0142o\u017cony z trzech cz\u0119\u015bci: &#8222;America &#8211; Before the War&#8221;, &#8222;Europe &#8211; During the War&#8221; i &#8222;After the War&#8221;. \u0141\u0105czy dzieci\u0119ce wspomnienia Reicha z podr&oacute;\u017cy kolejowych na trasie Nowy Jork &#8211; Los Angeles z refleksj\u0105 na temat ofiar Holokaustu, kt&oacute;re w tym samym czasie transportowano w poci\u0105gach \u015bmierci do oboz&oacute;w w Europie. Natomiast &#8222;Tehilim&#8221; to czterocz\u0119\u015bciowy utw&oacute;r do tekst&oacute;w biblijnych i zarazem pierwsze dzie\u0142o, w kt&oacute;rym Reich postanowi\u0142 dokona\u0107 rozliczenia ze swym \u017cydowskim dziedzictwem kulturowym.<\/p>\n<p>W \u015brod\u0119, <strong>14 wrze\u015bnia o godz. 22.00<\/strong>, na antenie Dw&oacute;jki kolejna porcja tw&oacute;rczo\u015bci Steve&#8217;a Reicha. Ensemble Modern pod dyrekcj\u0105 Brada Lubmana wykona &#8222;Eight Lines&#8221; &#8211; utw&oacute;r z 1983 roku, b\u0119d\u0105cy wersj\u0105 wcze\u015bniejszego Octetu, Triple Quartet &#8211; napisany na zam&oacute;wienie s\u0142ynnego Kronos Quartet, oraz &#8222;City Life&#8221; &#8211; kompozycj\u0119 z\u0142o\u017con\u0105 z pi\u0119ciu cz\u0119\u015bci, kt&oacute;rej prawykonanie odby\u0142o si\u0119 w marcu 1995 roku.<\/p>\n<p>W czwartkowy wiecz&oacute;r, <strong>15 wrze\u015bnia o godz. 22.00<\/strong>, Steve Reich wyst\u0105pi razem z powsta\u0142ym w 1992 roku zespo\u0142em Bang on a Can All-Stars, znanym na ca\u0142ym \u015bwiecie z niezwykle dynamicznych koncert&oacute;w i przekraczania granic mi\u0119dzy muzycznymi gatunkami. W programie &#8222;Clapping Music&#8221; &#8211; kompozycja przeznaczona dla dw&oacute;ch klaszcz\u0105cych wykonawc&oacute;w, &#8222;Video Phase&#8221; &#8211; od\u015bwie\u017cona wersja &#8222;Piano Phase&#8221; z 1967 roku, &#8222;Double Sextet&#8221; &#8211; utw&oacute;r, za kt&oacute;ry Reich otrzyma\u0142 Nagrod\u0119 Pulitzera, a tak\u017ce &#8222;New York Counterpoint&#8221; i &#8222;2 x 5&#8221;.<\/p>\n<p>W przedostatni dzie\u0144 festiwalu, <strong>16 wrze\u015bnia o godz. 22.00<\/strong>, wyst\u0105pi zesp&oacute;\u0142 perkusyjny Amadrums, powsta\u0142y z inicjatywy prof. Jana Pilcha w krakowskiej Akademii Muzycznej. Arty\u015bci zaprezentuj\u0105 program obejmuj\u0105cy nast\u0119puj\u0105ce utwory: &#8222;X\/Y&#8221; Michaela Gordona, &#8222;The So-Called Laws of Nature (II i III)&#8221; Davida Langa, &#8222;Dark Full Ride&#8221; Julia Wolfe oraz &#8222;Six Marimbas&#8221; Steve&#8217;a Reicha.<\/p>\n<p>5 pozosta\u0142ych koncert&oacute;w, kt&oacute;re odb\u0119d\u0105 si\u0119 w dniach <strong>od 12 do 16 wrze\u015bnia o godz. 19.00<\/strong> w Muzeum In\u017cynierii, zostanie zarejestrowanych i wyemitowanych przez radiow\u0105 Dw&oacute;jk\u0119 w p&oacute;\u017aniejszym terminie.<\/p>\n<p>W Programie III Polskiego Radia, opr&oacute;cz transmisji II cz\u0119\u015bci koncertu <strong>11 wrze\u015bnia (godz. 21.05)<\/strong>, b\u0119dzie mo\u017cna wys\u0142ucha\u0107 specjalnych audycji po\u015bwi\u0119conych tegorocznemu Sacrum Profanum. <strong>Od 12 do 16 wrze\u015bnia<\/strong> <strong>o godz. 10.15<\/strong> w &#8222;TuBaron&#8221; codzienne relacje z festiwalu przedstawi Adam Suprynowicz &#8211; dziennikarz Programu 2.<\/p>\n<p>Wys\u0142anniczka Tr&oacute;jki Agnieszka Szyd\u0142owska zaprosi <strong>15 wrze\u015bnia<\/strong> na specjalne wydanie &#8222;Programu Alternatywnego&#8221; <strong>(godz. 19.05)<\/strong>, a <strong>16 wrze\u015bnia<\/strong> na &#8222;FestProgram&#8221; <strong>(godz. 12.05)<\/strong>. Ponadto ostatniego dnia festiwalu, <strong>17 wrze\u015bnia w godz. 12.05-15.00<\/strong>, wsp&oacute;lnie z Micha\u0142em Nogasiem poprowadzi &#8222;Radiowy Dom Kultury&#8221; &#8211; w programie m.in. spacer po nowohuckim kombinacie.<\/p>\n","protected":false},"excerpt":{"rendered":"Dw&oacute;jka b\u0119dzie transmitowa\u0107 najwa\u017cniejsze wydarzenia z rozpoczynaj\u0105cego si\u0119 11 wrze\u015bnia Festiwalu Sacrum Profanum, a Tr&oacute;jka zaprosi na audycje po\u015bwi\u0119cone tegorocznej imprezie.","protected":false},"author":1,"featured_media":12868,"comment_status":"open","ping_status":"closed","sticky":false,"template":"","format":"standard","meta":{"csco_display_header_overlay":false,"csco_singular_sidebar":"","csco_page_header_type":"","csco_page_load_nextpost":"","csco_post_video_location":[],"csco_post_video_location_hash":"","csco_post_video_url":"","csco_post_video_bg_start_time":0,"csco_post_video_bg_end_time":0,"footnotes":""},"categories":[9672],"tags":[405],"class_list":{"0":"post-12867","1":"post","2":"type-post","3":"status-publish","4":"format-standard","5":"has-post-thumbnail","7":"category-radio","8":"tag-polskie-radio","9":"cs-entry","10":"cs-video-wrap"},"_links":{"self":[{"href":"https:\/\/mediarun.com\/pl\/wp-json\/wp\/v2\/posts\/12867","targetHints":{"allow":["GET"]}}],"collection":[{"href":"https:\/\/mediarun.com\/pl\/wp-json\/wp\/v2\/posts"}],"about":[{"href":"https:\/\/mediarun.com\/pl\/wp-json\/wp\/v2\/types\/post"}],"author":[{"embeddable":true,"href":"https:\/\/mediarun.com\/pl\/wp-json\/wp\/v2\/users\/1"}],"replies":[{"embeddable":true,"href":"https:\/\/mediarun.com\/pl\/wp-json\/wp\/v2\/comments?post=12867"}],"version-history":[{"count":0,"href":"https:\/\/mediarun.com\/pl\/wp-json\/wp\/v2\/posts\/12867\/revisions"}],"wp:featuredmedia":[{"embeddable":true,"href":"https:\/\/mediarun.com\/pl\/wp-json\/wp\/v2\/media\/12868"}],"wp:attachment":[{"href":"https:\/\/mediarun.com\/pl\/wp-json\/wp\/v2\/media?parent=12867"}],"wp:term":[{"taxonomy":"category","embeddable":true,"href":"https:\/\/mediarun.com\/pl\/wp-json\/wp\/v2\/categories?post=12867"},{"taxonomy":"post_tag","embeddable":true,"href":"https:\/\/mediarun.com\/pl\/wp-json\/wp\/v2\/tags?post=12867"}],"curies":[{"name":"wp","href":"https:\/\/api.w.org\/{rel}","templated":true}]}}