{"id":12819,"date":"2011-09-10T16:44:58","date_gmt":"2011-09-10T14:44:58","guid":{"rendered":"https:\/\/mediarun.com\/index.php\/news-posts\/papaj-nowym-rzecznikiem-sony\/"},"modified":"2015-03-17T11:29:04","modified_gmt":"2015-03-17T11:29:04","slug":"papaj-nowym-rzecznikiem-sony","status":"publish","type":"post","link":"https:\/\/mediarun.com\/pl\/ludzie\/kariera\/papaj-nowym-rzecznikiem-sony.html","title":{"rendered":"Papaj nowym rzecznikiem Sony"},"content":{"rendered":"<p>Do jego obowi\u0105zk&oacute;w nale\u017cy koordynowanie wszystkich dzia\u0142a\u0144 PR dla produkt&oacute;w z kategorii consumer electronics i komputer&oacute;w VAIO oraz marki Sony.<\/p>\n<p>Przez ostatnie pi\u0119\u0107 lat Piotr Papaj pe\u0142ni\u0142 funkcj\u0119 zast\u0119pcy rzecznika prasowego ING Towarzystwa Ubezpiecze\u0144 na \u017bycie, ING Powszechnego Towarzystwa Emerytalnego i ING Us\u0142ugi Finansowe.<\/p>\n","protected":false},"excerpt":{"rendered":"Piotr Papaj obj\u0105\u0142 stanowisko kierownika ds. PR i rzecznika prasowego Sony Europe Limited Oddzia\u0142 w Polsce.","protected":false},"author":1,"featured_media":12820,"comment_status":"open","ping_status":"closed","sticky":false,"template":"","format":"standard","meta":{"csco_display_header_overlay":false,"csco_singular_sidebar":"","csco_page_header_type":"","csco_page_load_nextpost":"","csco_post_video_location":[],"csco_post_video_location_hash":"","csco_post_video_url":"","csco_post_video_bg_start_time":0,"csco_post_video_bg_end_time":0,"footnotes":""},"categories":[5909],"tags":[790,363],"class_list":{"0":"post-12819","1":"post","2":"type-post","3":"status-publish","4":"format-standard","5":"has-post-thumbnail","7":"category-kariera","8":"tag-ing","9":"tag-sony","10":"cs-entry","11":"cs-video-wrap"},"_links":{"self":[{"href":"https:\/\/mediarun.com\/pl\/wp-json\/wp\/v2\/posts\/12819","targetHints":{"allow":["GET"]}}],"collection":[{"href":"https:\/\/mediarun.com\/pl\/wp-json\/wp\/v2\/posts"}],"about":[{"href":"https:\/\/mediarun.com\/pl\/wp-json\/wp\/v2\/types\/post"}],"author":[{"embeddable":true,"href":"https:\/\/mediarun.com\/pl\/wp-json\/wp\/v2\/users\/1"}],"replies":[{"embeddable":true,"href":"https:\/\/mediarun.com\/pl\/wp-json\/wp\/v2\/comments?post=12819"}],"version-history":[{"count":0,"href":"https:\/\/mediarun.com\/pl\/wp-json\/wp\/v2\/posts\/12819\/revisions"}],"wp:featuredmedia":[{"embeddable":true,"href":"https:\/\/mediarun.com\/pl\/wp-json\/wp\/v2\/media\/12820"}],"wp:attachment":[{"href":"https:\/\/mediarun.com\/pl\/wp-json\/wp\/v2\/media?parent=12819"}],"wp:term":[{"taxonomy":"category","embeddable":true,"href":"https:\/\/mediarun.com\/pl\/wp-json\/wp\/v2\/categories?post=12819"},{"taxonomy":"post_tag","embeddable":true,"href":"https:\/\/mediarun.com\/pl\/wp-json\/wp\/v2\/tags?post=12819"}],"curies":[{"name":"wp","href":"https:\/\/api.w.org\/{rel}","templated":true}]}}