{"id":12649,"date":"2011-09-15T11:18:43","date_gmt":"2011-09-15T09:18:43","guid":{"rendered":"https:\/\/mediarun.com\/index.php\/news-posts\/milewski-z-nowymi-obowiazkami-w-mrm-worldwide\/"},"modified":"2015-03-17T11:28:56","modified_gmt":"2015-03-17T11:28:56","slug":"milewski-z-nowymi-obowiazkami-w-mrm-worldwide","status":"publish","type":"post","link":"https:\/\/mediarun.com\/pl\/ludzie\/kariera\/milewski-z-nowymi-obowiazkami-w-mrm-worldwide.html","title":{"rendered":"Milewski z nowymi obowi\u0105zkami w MRM Worldwide"},"content":{"rendered":"<p>Odpowiada m. in. za projekty dla L&#8217;Oreal Maybelline New York oraz Wedla.<\/p>\n<p>Tomasz Milewski do agencji interaktywnej MRM Worldwide, wchodz\u0105cej w sk\u0142ad struktury McCann Worldgroup, do\u0142\u0105czy\u0142 w czerwcu ubieg\u0142ego roku. W ci\u0105gu ostatnich 14 miesi\u0119cy zrealizowa\u0142 szereg projekt&oacute;w interaktywnych dla L&#8217;Oreal Polska. Pracowa\u0142 przy powstawaniu wielu serwis&oacute;w i kampanii dla tego klienta.<\/p>\n<p>Obecnie do zda\u0144 Milewskiego nale\u017cy obs\u0142uga i przebudowa serwisu maybellintrends.pl oraz kontakt z jego u\u017cytkowniczkami. Odpowiada tak\u017ce za bie\u017c\u0105c\u0105 obs\u0142ug\u0119 platformy <a rel=\"nofollow noopener\" href=\"http:\/\/wedel.pl\/\" target=\"_blank\">Wedel.pl<\/a>.<\/p>\n","protected":false},"excerpt":{"rendered":"Tomasz Milewski po ponad roku pracy w MRM Worldwide awansowa\u0142 na stanowisko account executive.","protected":false},"author":1,"featured_media":12650,"comment_status":"open","ping_status":"closed","sticky":false,"template":"","format":"standard","meta":{"csco_display_header_overlay":false,"csco_singular_sidebar":"","csco_page_header_type":"","csco_page_load_nextpost":"","csco_post_video_location":[],"csco_post_video_location_hash":"","csco_post_video_url":"","csco_post_video_bg_start_time":0,"csco_post_video_bg_end_time":0,"footnotes":""},"categories":[5909],"tags":[1408,165,1712],"class_list":{"0":"post-12649","1":"post","2":"type-post","3":"status-publish","4":"format-standard","5":"has-post-thumbnail","7":"category-kariera","8":"tag-e-wedel","9":"tag-loreal","10":"tag-mrm-worldwide","11":"cs-entry","12":"cs-video-wrap"},"_links":{"self":[{"href":"https:\/\/mediarun.com\/pl\/wp-json\/wp\/v2\/posts\/12649","targetHints":{"allow":["GET"]}}],"collection":[{"href":"https:\/\/mediarun.com\/pl\/wp-json\/wp\/v2\/posts"}],"about":[{"href":"https:\/\/mediarun.com\/pl\/wp-json\/wp\/v2\/types\/post"}],"author":[{"embeddable":true,"href":"https:\/\/mediarun.com\/pl\/wp-json\/wp\/v2\/users\/1"}],"replies":[{"embeddable":true,"href":"https:\/\/mediarun.com\/pl\/wp-json\/wp\/v2\/comments?post=12649"}],"version-history":[{"count":0,"href":"https:\/\/mediarun.com\/pl\/wp-json\/wp\/v2\/posts\/12649\/revisions"}],"wp:featuredmedia":[{"embeddable":true,"href":"https:\/\/mediarun.com\/pl\/wp-json\/wp\/v2\/media\/12650"}],"wp:attachment":[{"href":"https:\/\/mediarun.com\/pl\/wp-json\/wp\/v2\/media?parent=12649"}],"wp:term":[{"taxonomy":"category","embeddable":true,"href":"https:\/\/mediarun.com\/pl\/wp-json\/wp\/v2\/categories?post=12649"},{"taxonomy":"post_tag","embeddable":true,"href":"https:\/\/mediarun.com\/pl\/wp-json\/wp\/v2\/tags?post=12649"}],"curies":[{"name":"wp","href":"https:\/\/api.w.org\/{rel}","templated":true}]}}