{"id":12619,"date":"2011-09-15T19:08:17","date_gmt":"2011-09-15T17:08:17","guid":{"rendered":"https:\/\/mediarun.com\/index.php\/news-posts\/w-wa-od-nowa-w-stolecznej-gazecie-wyborczej\/"},"modified":"2011-09-15T19:08:17","modified_gmt":"2011-09-15T17:08:17","slug":"w-wa-od-nowa-w-stolecznej-gazecie-wyborczej","status":"publish","type":"post","link":"https:\/\/mediarun.com\/pl\/media\/prasa\/w-wa-od-nowa-w-stolecznej-gazecie-wyborczej.html","title":{"rendered":"&#8222;W-Wa od nowa&#8221; w sto\u0142ecznej Gazecie Wyborczej"},"content":{"rendered":"<p>Cykl &#8222;W-wa od nowa&#8221; jest po\u015bwi\u0119cony zmianom, jakie zachodz\u0105 w Warszawie &#8211; przedstawia nowe inwestycje, t\u0142umaczy, jak si\u0119 im przygl\u0105da\u0107 i dlaczego warto zwr&oacute;ci\u0107 na nie uwag\u0119.<\/p>\n<p>Redaktorzy sto\u0142ecznej Gazety Wyborczej opisywa\u0107 b\u0119d\u0105 oryginalne obiekty o \u015bwietnej architekturze &#8211; zar&oacute;wno te szanuj\u0105ce s\u0105siedztwo i warszawsk\u0105 tradycj\u0119, jak i te kontrowersyjne. Co dwa tygodnie na \u0142amach Gazety pojawi\u0105 si\u0119 tak\u017ce zdj\u0119cia oraz infografiki wraz z autorskimi ocenami dziennikarzy.<\/p>\n<p>Jako pierwszy w cyklu &#8222;W-wa od nowa&#8221; zosta\u0142 zaprezentowany w\u0142a\u015bnie uko\u0144czony budynek przy Chmielnej 21 &#8211; nowy Dom Braci Jab\u0142kowskich. W nast\u0119pnej ods\u0142onie cyklu, kt&oacute;ra uka\u017ce si\u0119 29 wrze\u015bnia, sto\u0142eczna Gazeta Wyborcza przedstawi budynek Wolf Bracka &#8211; kontrowersyjne dzie\u0142o wybitnego architekta Stefana Kury\u0142owicza.<\/p>\n<p>Pomys\u0142odawc\u0105 cyklu jest sto\u0142eczna redakcja Gazety Wyborczej. Patronami medialnymi s\u0105: TOK FM, portal Warszawa.Gazeta.pl i serwis Bryla.pl.<\/p>\n<p>Cykl &#8222;W-wa od nowa&#8221; jest promowany w radiu (Radio PiN Warszawa, Radio Z\u0142ote Przeboje, Radio TOK FM), telewizji (TVP Warszawa), prasie (Gazeta Sto\u0142eczna, warszawskie wydanie Gazety Co Jest Grane, dziennik Metro), na ekranach CityINFOtv i w internecie (bannery reklamowe na portalu <a rel=\"nofollow noopener\" href=\"http:\/\/www.warszawa.gazeta.pl\" target=\"_blank\">Warszawa.Gazeta.pl<\/a>). Autorem kreacji kampanii jest dzia\u0142 promocji Gazety Sto\u0142ecznej, media zaplanowa\u0142o Radiowe Doradztwo Reklamowe Agory i Starlink.<\/p>\n","protected":false},"excerpt":{"rendered":"Opisem nowego Domu Braci Jab\u0142kowskich przy ul. Chmielnej rozpocz\u0105\u0142 si\u0119 w sto\u0142ecznej Gazecie Wyborczej cykl po\u015bwi\u0119cony najnowszym warszawskim inwestycjom.","protected":false},"author":1,"featured_media":12620,"comment_status":"open","ping_status":"closed","sticky":false,"template":"","format":"standard","meta":{"csco_display_header_overlay":false,"csco_singular_sidebar":"","csco_page_header_type":"","csco_page_load_nextpost":"","csco_post_video_location":[],"csco_post_video_location_hash":"","csco_post_video_url":"","csco_post_video_bg_start_time":0,"csco_post_video_bg_end_time":0,"footnotes":""},"categories":[9673],"tags":[202],"class_list":{"0":"post-12619","1":"post","2":"type-post","3":"status-publish","4":"format-standard","5":"has-post-thumbnail","7":"category-prasa","8":"tag-gazeta-wyborcza","9":"cs-entry","10":"cs-video-wrap"},"_links":{"self":[{"href":"https:\/\/mediarun.com\/pl\/wp-json\/wp\/v2\/posts\/12619","targetHints":{"allow":["GET"]}}],"collection":[{"href":"https:\/\/mediarun.com\/pl\/wp-json\/wp\/v2\/posts"}],"about":[{"href":"https:\/\/mediarun.com\/pl\/wp-json\/wp\/v2\/types\/post"}],"author":[{"embeddable":true,"href":"https:\/\/mediarun.com\/pl\/wp-json\/wp\/v2\/users\/1"}],"replies":[{"embeddable":true,"href":"https:\/\/mediarun.com\/pl\/wp-json\/wp\/v2\/comments?post=12619"}],"version-history":[{"count":0,"href":"https:\/\/mediarun.com\/pl\/wp-json\/wp\/v2\/posts\/12619\/revisions"}],"wp:featuredmedia":[{"embeddable":true,"href":"https:\/\/mediarun.com\/pl\/wp-json\/wp\/v2\/media\/12620"}],"wp:attachment":[{"href":"https:\/\/mediarun.com\/pl\/wp-json\/wp\/v2\/media?parent=12619"}],"wp:term":[{"taxonomy":"category","embeddable":true,"href":"https:\/\/mediarun.com\/pl\/wp-json\/wp\/v2\/categories?post=12619"},{"taxonomy":"post_tag","embeddable":true,"href":"https:\/\/mediarun.com\/pl\/wp-json\/wp\/v2\/tags?post=12619"}],"curies":[{"name":"wp","href":"https:\/\/api.w.org\/{rel}","templated":true}]}}