{"id":12615,"date":"2011-09-15T19:47:56","date_gmt":"2011-09-15T17:47:56","guid":{"rendered":"https:\/\/mediarun.com\/index.php\/news-posts\/jesienia-nowe-audycje-w-radiowej-trojce\/"},"modified":"2011-09-15T19:47:56","modified_gmt":"2011-09-15T17:47:56","slug":"jesienia-nowe-audycje-w-radiowej-trojce","status":"publish","type":"post","link":"https:\/\/mediarun.com\/pl\/media\/radio\/jesienia-nowe-audycje-w-radiowej-trojce.html","title":{"rendered":"Jesieni\u0105 nowe audycje w radiowej Tr\u00f3jce"},"content":{"rendered":"<p>Nowo\u015bci\u0105 dla s\u0142uchaczy b\u0119dzie przedpo\u0142udniowe pasmo od poniedzia\u0142ku do czwartku. Od wrze\u015bnia od godz. 9.00 nadawana b\u0119dzie nowa audycja <strong>&#8222;Do po\u0142udnia&#8221;<\/strong>. Dotyczy\u0107 b\u0119dzie r&oacute;\u017cnorodnych temat&oacute;w (tak\u017ce te zg\u0142aszane przez s\u0142uchaczy), a poprowadz\u0105 j\u0105 nowi prowadz\u0105cy &#8211; w poniedzia\u0142ki duet: Ewa Lipowicz i Micha\u0142 Noga\u015b, we wtorki Katarzyna Borowiecka i Micha\u0142 G\u0105siorowski, w \u015brody Robert Kantereit, w czwartki Piotr Stelmach.<\/p>\n<p>Tr&oacute;jka zaprasza tak\u017ce na nowy program Micha\u0142a Olsza\u0144skiego <strong>&#8222;Godzina prawdy&#8221;<\/strong>. Prowadz\u0105cy b\u0119dzie rozmawia\u0107 z lud\u017ami, w kt&oacute;rych \u017cyciu wydarzy\u0142y si\u0119 niezwyk\u0142e historie. Musieli podj\u0105\u0107 trudne i odwa\u017cne decyzje, walczy\u0107 ze swoimi s\u0142abo\u015bciami i przeciwno\u015bciami losu. W &#8222;Godzinie prawdy&#8221; pojawi\u0105 si\u0119 tak\u017ce osoby, kt&oacute;rych \u017cyciem \u017cy\u0142a kiedy\u015b ca\u0142a Polska, po czym s\u0142uch o nich zagin\u0105\u0142. Audycja nadawana b\u0119dzie w ka\u017cdy pi\u0105tek o 12.00. Bohaterami &#8222;Godziny prawdy&#8221; b\u0119d\u0105 m.in. Andrzej Jaroszewicz i Brian Scott.<\/p>\n<p>Kilka dotychczasowych audycji przeprowadzi\u0142o si\u0119 w nowe dni i godziny. Artura Andrusa i jego <strong>&#8222;Akademii rozrywki&#8221;<\/strong> od wrze\u015bnia mo\u017cna s\u0142ucha\u0107 w te same dni, co dotychczas, od poniedzia\u0142ku do czwartku, ale o godzin\u0119 p&oacute;\u017aniej &#8211; mi\u0119dzy 14.00 a 15.00. Natomiast o godzinie 13.00 Piotr Baron przygotowa\u0142 dla s\u0142uchaczy now\u0105 audycj\u0119 muzyczn\u0105. To w\u0142a\u015bnie s\u0142uchacze b\u0119d\u0105 wsp&oacute;lnie z autorem wymy\u015bla\u0107 nazw\u0119 dla programu.<\/p>\n<p><strong>&#8222;Tr&oacute;jkowego wehiku\u0142u czasu&#8221;<\/strong> Jerzego Sosnowskiego, dotychczas emitowanego w pi\u0105tki, teraz mo\u017cna s\u0142ucha\u0107 w soboty o godz. 18.00. R&oacute;wnie\u017c w niedziele pojawi si\u0119 kilka nowo\u015bci, m.in. muzyczna audycja <strong>&#8222;Zaraz wracam&#8221;<\/strong> Artura Orzecha (12.00-14.00).<\/p>\n<p>Magazyn filmowy Ryszarda Ja\u017awi\u0144skiego i teatralny Barbary Marcinik jesieni\u0105 b\u0119d\u0105 emitowane o nowej porze: <strong>&#8222;Tr&oacute;jkowo-Filmowo&#8221;<\/strong> o 14.00, a<strong> &#8222;Magazyn Bardzo Kulturalny&#8221;<\/strong> o 19.00.<\/p>\n<p>Raz w miesi\u0105cu o 19.00 Marcin Zaborski zaprasza do <strong>&#8222;Biura My\u015bli Znalezionych&#8221;<\/strong>, a w pozosta\u0142e niedziele miesi\u0105ca o tej porze pojawi\u0105 si\u0119 zamiennie: <strong>&#8222;Z najwy\u017cszej p&oacute;\u0142ki&#8221;<\/strong> Micha\u0142a Nogasia dla moli ksi\u0105\u017ckowych i <strong>&#8222;Scena Teatralna Tr&oacute;jki&#8221;<\/strong> dla wielbicieli radiowych spektakli.<\/p>\n","protected":false},"excerpt":{"rendered":"Jesieni\u0105 w Tr&oacute;jce pojawi si\u0119 kilka nowych audycji, m.in. program Micha\u0142a Olsza\u0144skiego &#8222;Godzina prawdy&#8221; oraz pasmo &#8222;Do po\u0142udnia&#8221;. Cz\u0119\u015b\u0107 audycji zmieni\u0142a miejsce w ram&oacute;wce.","protected":false},"author":1,"featured_media":12616,"comment_status":"open","ping_status":"closed","sticky":false,"template":"","format":"standard","meta":{"csco_display_header_overlay":false,"csco_singular_sidebar":"","csco_page_header_type":"","csco_page_load_nextpost":"","csco_post_video_location":[],"csco_post_video_location_hash":"","csco_post_video_url":"","csco_post_video_bg_start_time":0,"csco_post_video_bg_end_time":0,"footnotes":""},"categories":[9672],"tags":[405,1098],"class_list":{"0":"post-12615","1":"post","2":"type-post","3":"status-publish","4":"format-standard","5":"has-post-thumbnail","7":"category-radio","8":"tag-polskie-radio","9":"tag-radio-trojka","10":"cs-entry","11":"cs-video-wrap"},"_links":{"self":[{"href":"https:\/\/mediarun.com\/pl\/wp-json\/wp\/v2\/posts\/12615","targetHints":{"allow":["GET"]}}],"collection":[{"href":"https:\/\/mediarun.com\/pl\/wp-json\/wp\/v2\/posts"}],"about":[{"href":"https:\/\/mediarun.com\/pl\/wp-json\/wp\/v2\/types\/post"}],"author":[{"embeddable":true,"href":"https:\/\/mediarun.com\/pl\/wp-json\/wp\/v2\/users\/1"}],"replies":[{"embeddable":true,"href":"https:\/\/mediarun.com\/pl\/wp-json\/wp\/v2\/comments?post=12615"}],"version-history":[{"count":0,"href":"https:\/\/mediarun.com\/pl\/wp-json\/wp\/v2\/posts\/12615\/revisions"}],"wp:featuredmedia":[{"embeddable":true,"href":"https:\/\/mediarun.com\/pl\/wp-json\/wp\/v2\/media\/12616"}],"wp:attachment":[{"href":"https:\/\/mediarun.com\/pl\/wp-json\/wp\/v2\/media?parent=12615"}],"wp:term":[{"taxonomy":"category","embeddable":true,"href":"https:\/\/mediarun.com\/pl\/wp-json\/wp\/v2\/categories?post=12615"},{"taxonomy":"post_tag","embeddable":true,"href":"https:\/\/mediarun.com\/pl\/wp-json\/wp\/v2\/tags?post=12615"}],"curies":[{"name":"wp","href":"https:\/\/api.w.org\/{rel}","templated":true}]}}