{"id":12611,"date":"2011-09-15T20:16:50","date_gmt":"2011-09-15T18:16:50","guid":{"rendered":"https:\/\/mediarun.com\/index.php\/news-posts\/54-warszawska-jesien-w-programie-2-polskiego-radia\/"},"modified":"2011-09-15T20:16:50","modified_gmt":"2011-09-15T18:16:50","slug":"54-warszawska-jesien-w-programie-2-polskiego-radia","status":"publish","type":"post","link":"https:\/\/mediarun.com\/pl\/media\/radio\/54-warszawska-jesien-w-programie-2-polskiego-radia.html","title":{"rendered":"54. Warszawska Jesie\u0144 w Programie 2 Polskiego Radia"},"content":{"rendered":"<p>Jako pierwsza na antenie Dw&oacute;jki zabrzmi transmisja koncertu inauguracyjnego, kt&oacute;ry rozpocznie si\u0119 o godz. 19.30 w Sali Koncertowej Filharmonii Narodowej.&nbsp;<\/p>\n<p>Wszystkie utwory kompozytor&oacute;w zagranicznych zostan\u0105 w Polsce wykonane po raz pierwszy. Wyst\u0105pi\u0105: Narodowa Orkiestra Symfoniczna, kt&oacute;r\u0105 pokieruje Pierre-Andr&eacute; Valade, Lilianna Zalesi\u0144ska &#8211; sopran, Arthur Kisenyi &#8211; aktor, Josse De Pauw &#8211; tekst, wideo, re\u017cyseria, Jonathan Green &#8211; re\u017cyseria d\u017awi\u0119ku.<\/p>\n<p>W niedziel\u0119, 18 wrze\u015bnia o godz. 19.30, Program 2 ponownie zaprosi swoich s\u0142uchaczy do Filharmonii Narodowej.&nbsp;<\/p>\n<p>Wydarzeniem wieczoru b\u0119dzie quasi-s\u0142uchowisko Krzysztofa Pendereckiego &#8222;Brygada \u015bmierci&#8221; &#8211; utw&oacute;r od momentu prawykonania w 1964 roku wzbudzaj\u0105cy wiele kontrowersji. Dzie\u0142o powsta\u0142o na zam&oacute;wienie Polskiego Radia, w zwi\u0105zku z dwudziest\u0105 rocznic\u0105 wyzwolenia obozu koncentracyjnego Auschwitz-Birkenau, do tekstu autentycznego obozowego dziennika m\u0142odego \u017byda Leona Weliczkera, przydzielonego w 1943 roku do tzw. brygady \u015bmierci (Sonderkommando 1005).<\/p>\n<p>Wyboru fragment&oacute;w i kompozycji tekstu dokona\u0142 Jerzy Smoter. Po prawykonaniu &#8222;Brygada&#8221; spotka\u0142a si\u0119 w Polsce z mia\u017cd\u017c\u0105c\u0105 krytyk\u0105, w kt&oacute;rej powraca\u0142o pytanie o granice sztuki. O godz. 19.00 transmisj\u0119 poprzedzi audycja po\u015bwi\u0119cona &#8222;Brygadzie \u015bmierci&#8221;.<\/p>\n<p>We wtorkowy wiecz&oacute;r, 20 wrze\u015bnia o godz. 19.30, s\u0142uchacze Dw&oacute;jki przenios\u0105 si\u0119 do Studia Koncertowego Polskiego Radia im. Witolda Lutos\u0142awskiego, w kt&oacute;rym wyst\u0105pi European Workshop for Contemporary Music pod dyrekcj\u0105 R&uuml;digera Bohna.&nbsp;<\/p>\n<p>Festiwalowe transmisje powr&oacute;c\u0105 na anten\u0119 Programu 2 w pi\u0105tek, 23 wrze\u015bnia, o godz. 19.30. Wyst\u0105pi musikFabrik Ensemble pod batut\u0105 brytyjskiej dyrygentki Siany Edwards.&nbsp;<\/p>\n<p>Ostatniego dnia festiwalu, 24 wrze\u015bnia o godz. 19.30, w Programie 2 transmisja koncertu fina\u0142owego, podczas kt&oacute;rego b\u0119dzie mo\u017cna podziwia\u0107 Agat\u0119 Zubel &#8211; sopran, Jadwig\u0119 Rappe &#8211; alt, Ch&oacute;r Filharmonii Podlaskiej oraz Orkiestr\u0119 Symfoniczn\u0105 Filharmonii Narodowej pod dyrekcj\u0105 Lukasa Visa.&nbsp;<\/p>\n<p>54. Warszawska Jesie\u0144 b\u0119dzie r&oacute;wnie\u017c obecna w pozosta\u0142ych programach Polskiego Radia.<\/p>\n<p>W Programie 1 Adam Rozlach przedstawi codzienne relacje z festiwalu w &#8222;Muzycznej Jedynce&#8221; (od 20 do 23 wrze\u015bnia o godz. 14.30) oraz komentarze w czwartkowym &#8222;Magazynie Sztuk Pi\u0119knych&#8221; (22 i 29 wrze\u015bnia o godz. 23.25). Ponadto w codziennych Informatorach Kulturalnych w &#8222;Popo\u0142udniu z Jedynk\u0105&#8221; ok. godz. 15.45 pojawi\u0105 si\u0119 zapowiedzi i zaproszenia na festiwalowe koncerty. Program 3 po\u015bwi\u0119ci festiwalowi &#8222;Klub Tr&oacute;jki&#8221;, natomiast Czw&oacute;rka &#8211; Radio z Wizj\u0105 b\u0119dzie zapowiada\u0107 wydarzenia Warszawskiej Jesieni w swoich serwisach oraz informowa\u0107 o nich w audycjach: &#8222;Stacja Kultura&#8221; i &#8222;Kontrkultura&#8221;.<\/p>\n<p>54. Mi\u0119dzynarodowy Festiwal Muzyki Wsp&oacute;\u0142czesnej &#8222;Warszawska Jesie\u0144&#8221; potrwa od 16 do 24 wrze\u015bnia.<\/p>\n","protected":false},"excerpt":{"rendered":"Program 2 zaprasza na transmisje z 54. Mi\u0119dzynarodowego Festiwalu Muzyki Wsp&oacute;\u0142czesnej Warszawska Jesie\u0144, kt&oacute;ry rozpoczyna si\u0119 16 wrze\u015bnia.","protected":false},"author":1,"featured_media":12612,"comment_status":"open","ping_status":"closed","sticky":false,"template":"","format":"standard","meta":{"csco_display_header_overlay":false,"csco_singular_sidebar":"","csco_page_header_type":"","csco_page_load_nextpost":"","csco_post_video_location":[],"csco_post_video_location_hash":"","csco_post_video_url":"","csco_post_video_bg_start_time":0,"csco_post_video_bg_end_time":0,"footnotes":""},"categories":[9672],"tags":[405],"class_list":{"0":"post-12611","1":"post","2":"type-post","3":"status-publish","4":"format-standard","5":"has-post-thumbnail","7":"category-radio","8":"tag-polskie-radio","9":"cs-entry","10":"cs-video-wrap"},"_links":{"self":[{"href":"https:\/\/mediarun.com\/pl\/wp-json\/wp\/v2\/posts\/12611","targetHints":{"allow":["GET"]}}],"collection":[{"href":"https:\/\/mediarun.com\/pl\/wp-json\/wp\/v2\/posts"}],"about":[{"href":"https:\/\/mediarun.com\/pl\/wp-json\/wp\/v2\/types\/post"}],"author":[{"embeddable":true,"href":"https:\/\/mediarun.com\/pl\/wp-json\/wp\/v2\/users\/1"}],"replies":[{"embeddable":true,"href":"https:\/\/mediarun.com\/pl\/wp-json\/wp\/v2\/comments?post=12611"}],"version-history":[{"count":0,"href":"https:\/\/mediarun.com\/pl\/wp-json\/wp\/v2\/posts\/12611\/revisions"}],"wp:featuredmedia":[{"embeddable":true,"href":"https:\/\/mediarun.com\/pl\/wp-json\/wp\/v2\/media\/12612"}],"wp:attachment":[{"href":"https:\/\/mediarun.com\/pl\/wp-json\/wp\/v2\/media?parent=12611"}],"wp:term":[{"taxonomy":"category","embeddable":true,"href":"https:\/\/mediarun.com\/pl\/wp-json\/wp\/v2\/categories?post=12611"},{"taxonomy":"post_tag","embeddable":true,"href":"https:\/\/mediarun.com\/pl\/wp-json\/wp\/v2\/tags?post=12611"}],"curies":[{"name":"wp","href":"https:\/\/api.w.org\/{rel}","templated":true}]}}