{"id":12587,"date":"2011-09-16T13:39:05","date_gmt":"2011-09-16T11:39:05","guid":{"rendered":"https:\/\/mediarun.com\/index.php\/news-posts\/kroniki-jerzego-kryszaka-z-grabiny-od-pazdziernika-w-czworce\/"},"modified":"2011-09-16T13:39:05","modified_gmt":"2011-09-16T11:39:05","slug":"kroniki-jerzego-kryszaka-z-grabiny-od-pazdziernika-w-czworce","status":"publish","type":"post","link":"https:\/\/mediarun.com\/pl\/media\/tv\/kroniki-jerzego-kryszaka-z-grabiny-od-pazdziernika-w-czworce.html","title":{"rendered":"&#8222;Kroniki Jerzego Kryszaka z Grabiny&#8221; od pa\u017adziernika w Czw\u00f3rce"},"content":{"rendered":"<p>Na premier\u0119 pierwszego z czterech odcink&oacute;w &#8222;Kronik Jerzego Kryszaka z Grabiny&#8221;, bo tak zatytu\u0142owana jest ta cz\u0119\u015b\u0107 &#8222;Kronik facet&oacute;w z klas\u0105&#8221;, Czw&oacute;rka zaprasza w niedziel\u0119 2 pa\u017adziernika o godz. 22.00. Pozosta\u0142e odcinki widzowie b\u0119d\u0105 mogli zobaczy\u0107 w kolejne niedziele &#8211; 9, 16 i 23 pa\u017adziernika &#8211; o tej samej porze.<\/p>\n<p>W programie Jerzy Kryszak opowie o tym, jak wyj\u015b\u0107 z twarz\u0105 z nietwarzowych sytuacji, jak odwozi\u0107 znajomych, nie wpadaj\u0105c na radiow&oacute;z oraz jak nie wygra\u0107 samochodu, nie zrobi\u0107 operacji plastycznej, rozpozna\u0107 r\u0119k\u0119 Boles\u0142awa Bieruta i szuka\u0107 &#8222;Wolnej Europy&#8221;. A tak\u017ce o tym, kto mo\u017ce zosta\u0107 prezydentem i po co to komu.<\/p>\n<p>Historie b\u0119d\u0105 ilustrowane wybranymi fragmentami materia\u0142&oacute;w Polskiej Kroniki Filmowej.<\/p>\n","protected":false},"excerpt":{"rendered":"W pa\u017adzierniku, w kabaretowym cyklu Czw&oacute;rki &#8222;Kroniki Facet&oacute;w z klas\u0105&#8221;, wyst\u0105pi Jerzy Kryszak.","protected":false},"author":1,"featured_media":12588,"comment_status":"open","ping_status":"closed","sticky":false,"template":"","format":"standard","meta":{"csco_display_header_overlay":false,"csco_singular_sidebar":"","csco_page_header_type":"","csco_page_load_nextpost":"","csco_post_video_location":[],"csco_post_video_location_hash":"","csco_post_video_url":"","csco_post_video_bg_start_time":0,"csco_post_video_bg_end_time":0,"footnotes":""},"categories":[9670],"tags":[1162],"class_list":{"0":"post-12587","1":"post","2":"type-post","3":"status-publish","4":"format-standard","5":"has-post-thumbnail","7":"category-tv","8":"tag-czworka","9":"cs-entry","10":"cs-video-wrap"},"_links":{"self":[{"href":"https:\/\/mediarun.com\/pl\/wp-json\/wp\/v2\/posts\/12587","targetHints":{"allow":["GET"]}}],"collection":[{"href":"https:\/\/mediarun.com\/pl\/wp-json\/wp\/v2\/posts"}],"about":[{"href":"https:\/\/mediarun.com\/pl\/wp-json\/wp\/v2\/types\/post"}],"author":[{"embeddable":true,"href":"https:\/\/mediarun.com\/pl\/wp-json\/wp\/v2\/users\/1"}],"replies":[{"embeddable":true,"href":"https:\/\/mediarun.com\/pl\/wp-json\/wp\/v2\/comments?post=12587"}],"version-history":[{"count":0,"href":"https:\/\/mediarun.com\/pl\/wp-json\/wp\/v2\/posts\/12587\/revisions"}],"wp:featuredmedia":[{"embeddable":true,"href":"https:\/\/mediarun.com\/pl\/wp-json\/wp\/v2\/media\/12588"}],"wp:attachment":[{"href":"https:\/\/mediarun.com\/pl\/wp-json\/wp\/v2\/media?parent=12587"}],"wp:term":[{"taxonomy":"category","embeddable":true,"href":"https:\/\/mediarun.com\/pl\/wp-json\/wp\/v2\/categories?post=12587"},{"taxonomy":"post_tag","embeddable":true,"href":"https:\/\/mediarun.com\/pl\/wp-json\/wp\/v2\/tags?post=12587"}],"curies":[{"name":"wp","href":"https:\/\/api.w.org\/{rel}","templated":true}]}}