{"id":12563,"date":"2011-09-17T20:54:09","date_gmt":"2011-09-17T18:54:09","guid":{"rendered":"https:\/\/mediarun.com\/index.php\/news-posts\/wrzesniowa-gala-w-promocyjnej-cenie\/"},"modified":"2011-09-17T20:54:09","modified_gmt":"2011-09-17T18:54:09","slug":"wrzesniowa-gala-w-promocyjnej-cenie","status":"publish","type":"post","link":"https:\/\/mediarun.com\/pl\/media\/prasa\/wrzesniowa-gala-w-promocyjnej-cenie.html","title":{"rendered":"Wrze\u015bniowa Gala w promocyjnej cenie"},"content":{"rendered":"<p>19 wrze\u015bnia na rynku pojawi si\u0119 Gala w promocyjnej cenie 1,99 z\u0142, na ok\u0142adce z Katarzyn\u0105 Figur\u0105. Nak\u0142ad tego wydania b\u0119dzie wynosi\u0107 300 000 egzemplarzy.<\/p>\n<p>Kampania promuj\u0105ca wydanie zaplanowana jest na stronach wp.pl, gala.pl, stylio.pl, kobieta.pl. Za dzia\u0142ania te odpowiedzialny jest Dzia\u0142 Marketingu G+J.<\/p>\n<p>Przyjmijmy, \u017ce od 18 kwietnia Gala ukazuje si\u0119 jako dwutygodnik o od\u015bwie\u017conej szacie graficznej wydawany na bielszym papierze o wi\u0119kszej gramaturze i z lakierowan\u0105 ok\u0142adk\u0105.<\/p>\n","protected":false},"excerpt":{"rendered":"Z okazji 10. urodzin magazynu wrze\u015bniowe wydanie Gali uka\u017ce si\u0119 w promocyjnej cenie.","protected":false},"author":1,"featured_media":12564,"comment_status":"open","ping_status":"closed","sticky":false,"template":"","format":"standard","meta":{"csco_display_header_overlay":false,"csco_singular_sidebar":"","csco_page_header_type":"","csco_page_load_nextpost":"","csco_post_video_location":[],"csco_post_video_location_hash":"","csco_post_video_url":"","csco_post_video_bg_start_time":0,"csco_post_video_bg_end_time":0,"footnotes":""},"categories":[9673],"tags":[528],"class_list":{"0":"post-12563","1":"post","2":"type-post","3":"status-publish","4":"format-standard","5":"has-post-thumbnail","7":"category-prasa","8":"tag-gala","9":"cs-entry","10":"cs-video-wrap"},"_links":{"self":[{"href":"https:\/\/mediarun.com\/pl\/wp-json\/wp\/v2\/posts\/12563","targetHints":{"allow":["GET"]}}],"collection":[{"href":"https:\/\/mediarun.com\/pl\/wp-json\/wp\/v2\/posts"}],"about":[{"href":"https:\/\/mediarun.com\/pl\/wp-json\/wp\/v2\/types\/post"}],"author":[{"embeddable":true,"href":"https:\/\/mediarun.com\/pl\/wp-json\/wp\/v2\/users\/1"}],"replies":[{"embeddable":true,"href":"https:\/\/mediarun.com\/pl\/wp-json\/wp\/v2\/comments?post=12563"}],"version-history":[{"count":0,"href":"https:\/\/mediarun.com\/pl\/wp-json\/wp\/v2\/posts\/12563\/revisions"}],"wp:featuredmedia":[{"embeddable":true,"href":"https:\/\/mediarun.com\/pl\/wp-json\/wp\/v2\/media\/12564"}],"wp:attachment":[{"href":"https:\/\/mediarun.com\/pl\/wp-json\/wp\/v2\/media?parent=12563"}],"wp:term":[{"taxonomy":"category","embeddable":true,"href":"https:\/\/mediarun.com\/pl\/wp-json\/wp\/v2\/categories?post=12563"},{"taxonomy":"post_tag","embeddable":true,"href":"https:\/\/mediarun.com\/pl\/wp-json\/wp\/v2\/tags?post=12563"}],"curies":[{"name":"wp","href":"https:\/\/api.w.org\/{rel}","templated":true}]}}