{"id":12547,"date":"2011-09-19T11:49:11","date_gmt":"2011-09-19T09:49:11","guid":{"rendered":"https:\/\/mediarun.com\/index.php\/news-posts\/discovery-historia-zaprasza-na-kroniki-zapowiedzianej-smierci\/"},"modified":"2011-09-19T11:49:11","modified_gmt":"2011-09-19T09:49:11","slug":"discovery-historia-zaprasza-na-kroniki-zapowiedzianej-smierci","status":"publish","type":"post","link":"https:\/\/mediarun.com\/pl\/media\/tv\/discovery-historia-zaprasza-na-kroniki-zapowiedzianej-smierci.html","title":{"rendered":"Discovery Historia zaprasza na &#8222;Kroniki zapowiedzianej \u015bmierci&#8221;"},"content":{"rendered":"<p>Pierwszy odcinek programu <strong>&#8222;Kroniki zapowiedzianej \u015bmierci&#8221; <\/strong>(ang. &#8222;Chronicles of Predicted Death&#8221;) na antenie pojawi si\u0119 we wtorek, 20 wrze\u015bnia o godz. 22.00. Kolejne odcinki emitowane b\u0119d\u0105 we wtorki o godz. 22.00.<\/p>\n<p>Sprzeciw wobec dyktatury komunist&oacute;w wyra\u017cany by\u0142 na wiele sposob&oacute;w i jednoczy\u0142 r&oacute;\u017cne \u015brodowiska: duchowie\u0144stwo, inteligencj\u0119, robotnik&oacute;w. Niestety dzia\u0142alno\u015bci opozycyjna nios\u0142a ze sob\u0105 ryzyko aresztowania, prze\u015bladowa\u0144, utraty zdrowia, a nawet \u017cycia. Dla S\u0142u\u017cby Bezpiecze\u0144stwa nie by\u0142o istotne pochodzenie, wykszta\u0142cenie czy wykonywany zaw&oacute;d. Program jest opowie\u015bci\u0105 o losach ksi\u0119\u017cy: Stefana Niedzielaka, Stanis\u0142awa Suchowolca i Sylwestra Zycha, kt&oacute;rym za walk\u0119 o woln\u0105 Polsk\u0119, w przededniu prze\u0142omu, przysz\u0142o zap\u0142aci\u0107 najwy\u017csza cen\u0119.<\/p>\n<p><strong>Odcinek 1: &#8222;Oni chc\u0105 mnie zabi\u0107&#8221;<\/strong><br \/>Emisja: wtorek, 20 wrze\u015bnia, godz. 22.00<\/p>\n<p>Ksi\u0105dz Stefan Niedzielak by\u0142 kapelanem Armii Krajowej i to w\u0142a\u015bnie dzia\u0142alno\u015b\u0107 opozycyjna \u015bci\u0105gn\u0119\u0142a na niego uwag\u0119 S\u0142u\u017cby Bezpiecze\u0144stwa. Przez kilka lat duchowny otrzymywa\u0142 anonimowe listy z pogr&oacute;\u017ckami. Dwukrotnie pr&oacute;bowano go porwa\u0107 z ulicy w centrum Warszawy, a &#8222;nieznani sprawcy&#8221; pobili go podczas spaceru na Cmentarzu Pow\u0105zkowskim. R&oacute;wnolegle oficerowie tajnych s\u0142u\u017cb bezskutecznie pr&oacute;bowali zwerbowa\u0107 do wsp&oacute;\u0142pracy brata ksi\u0119dza &#8211; Piotra Niedzielaka. N\u0119kany przez SB kap\u0142an zosta\u0142 znaleziony martwy 21 stycznia 1989 roku w mieszkaniu na plebanii przy ul. Pow\u0105zkowskiej w Warszawie. Sekcja zw\u0142ok jako przyczyn\u0119 \u015bmierci wskaza\u0142a zab&oacute;jstwo. Mimo to \u015bledztwo umorzono. Na pytanie, kto targn\u0105\u0142 si\u0119 na \u017cycie kapelana Niedzielaka, pr&oacute;buje teraz odpowiedzie\u0107 IPN.<\/p>\n<p><strong>Odcinek 2: &#8222;Panowie ze S\u0142u\u017cby Bezpiecze\u0144stwa&#8221;<\/strong><br \/>Emisja: wtorek, 27 wrze\u015bnia, godz. 22.00<\/p>\n<p>30 stycznia 1989 roku, w mieszkaniu na plebanii przy ko\u015bciele w Dojlidach znaleziono cia\u0142o 31-letniego ksi\u0119dza Stanis\u0142awa Suchowolca. \u015aledztwo w tej sprawie umorzono, podaj\u0105c zaczadzenie jako oficjaln\u0105 przyczyn\u0119 \u015bmierci duchownego. Jednak wersja ta wydaje si\u0119 by\u0107 mocno w\u0105tpliwa, gdy\u017c \u015bmier\u0107 m\u0142odego ksi\u0119dza poprzedzi\u0142y kilkuletnie prze\u015bladowania go przez S\u0142u\u017cb\u0119 Bezpiecze\u0144stwa. Agenci s\u0142ali anonimowe listy i n\u0119kali telefonami z pogr&oacute;\u017ckami. Rozpowszechniano tak\u017ce plotki o rzekomej nieuczciwo\u015bci i pija\u0144stwie duchownego. Ksi\u0105dz Suchowolec zosta\u0142 kilkukrotnie pobity, a w sierpniu 1988 roku kto\u015b podpali\u0142 dom rodzic&oacute;w kap\u0142ana. Po latach pion \u015bledczy IPN pr&oacute;buje odpowiedzie\u0107 na pytanie, co tak naprawd\u0119 sta\u0142o si\u0119 w styczniu 1989 roku na plebani w Dojlidach.<\/p>\n<p><strong>Odcinek 3: &#8222;Walczy\u0142em do ko\u0144ca&#8221;<\/strong><br \/>Emisja: wtorek, 4 pa\u017adziernika, godz. 22.00<\/p>\n<p>Ksi\u0105dz Sylwester Zych aktywnie dzia\u0142a\u0142 w opozycji w czasach PRL-u. Inicjowa\u0142 akcje wieszania krzy\u017cy w przedszkolach i szko\u0142ach, by\u0142 kapelanem m\u0142odzie\u017cy. Sprawi\u0142o to, \u017ce jego dzia\u0142aniom uwa\u017cnie przygl\u0105da\u0142a si\u0119 S\u0142u\u017cba Bezpiecze\u0144stwa. W 1982 roku duchowny zosta\u0142 aresztowany i skazany na 4 lata wi\u0119zienia za udzia\u0142 w zwi\u0105zku zbrojnym i pomoc w g\u0142o\u015bnej akcji zab&oacute;jstwa milicjanta Zdzis\u0142awa Karosa. Ksi\u0105dz Zych wed\u0142ug SB mia\u0142 przechowywa\u0107 bro\u0144, z kt&oacute;rej oddano \u015bmiertelny strza\u0142 w stron\u0119 sier\u017canta MO. Po wyj\u015bciu z wi\u0119zienia kap\u0142an by\u0142 \u015bledzony i otrzymywa\u0142 anonimowe listy oraz telefony z pogr&oacute;\u017ckami. Wiosn\u0105 1989 roku w Warszawie ksi\u0105dz Zych zosta\u0142 napadni\u0119ty, a &#8222;nieznani sprawcy&#8221; pr&oacute;bowali si\u0142\u0105 napoi\u0107 go alkoholem. W nocy z 10 na 11 lipca 1989 roku, obok dworca PKS w Krynicy Morskiej znaleziono zw\u0142oki ksi\u0119dza Sylwestra Zycha. Duchowny wed\u0142ug oficjalnej wersji zmar\u0142 w wyniku zatrucia alkoholem. Dzi\u015b pion \u015bledczy IPN ponownie bada jego spraw\u0119, by ustali\u0107, co tak naprawd\u0119 by\u0142o przyczyn\u0105 \u015bmierci kap\u0142ana.<\/p>\n<p>&nbsp;<\/p>\n","protected":false},"excerpt":{"rendered":"Od 20 wrze\u015bnia widzowie Discovery Historia b\u0119d\u0105 mogli ogl\u0105da\u0107 program &#8222;Kroniki zapowiedzianej \u015bmierci&#8221;.","protected":false},"author":1,"featured_media":12548,"comment_status":"open","ping_status":"closed","sticky":false,"template":"","format":"standard","meta":{"csco_display_header_overlay":false,"csco_singular_sidebar":"","csco_page_header_type":"","csco_page_load_nextpost":"","csco_post_video_location":[],"csco_post_video_location_hash":"","csco_post_video_url":"","csco_post_video_bg_start_time":0,"csco_post_video_bg_end_time":0,"footnotes":""},"categories":[9670],"tags":[726],"class_list":{"0":"post-12547","1":"post","2":"type-post","3":"status-publish","4":"format-standard","5":"has-post-thumbnail","7":"category-tv","8":"tag-discovery-historia","9":"cs-entry","10":"cs-video-wrap"},"_links":{"self":[{"href":"https:\/\/mediarun.com\/pl\/wp-json\/wp\/v2\/posts\/12547","targetHints":{"allow":["GET"]}}],"collection":[{"href":"https:\/\/mediarun.com\/pl\/wp-json\/wp\/v2\/posts"}],"about":[{"href":"https:\/\/mediarun.com\/pl\/wp-json\/wp\/v2\/types\/post"}],"author":[{"embeddable":true,"href":"https:\/\/mediarun.com\/pl\/wp-json\/wp\/v2\/users\/1"}],"replies":[{"embeddable":true,"href":"https:\/\/mediarun.com\/pl\/wp-json\/wp\/v2\/comments?post=12547"}],"version-history":[{"count":0,"href":"https:\/\/mediarun.com\/pl\/wp-json\/wp\/v2\/posts\/12547\/revisions"}],"wp:featuredmedia":[{"embeddable":true,"href":"https:\/\/mediarun.com\/pl\/wp-json\/wp\/v2\/media\/12548"}],"wp:attachment":[{"href":"https:\/\/mediarun.com\/pl\/wp-json\/wp\/v2\/media?parent=12547"}],"wp:term":[{"taxonomy":"category","embeddable":true,"href":"https:\/\/mediarun.com\/pl\/wp-json\/wp\/v2\/categories?post=12547"},{"taxonomy":"post_tag","embeddable":true,"href":"https:\/\/mediarun.com\/pl\/wp-json\/wp\/v2\/tags?post=12547"}],"curies":[{"name":"wp","href":"https:\/\/api.w.org\/{rel}","templated":true}]}}