{"id":125208,"date":"2014-06-09T11:51:47","date_gmt":"2014-06-09T09:51:47","guid":{"rendered":"https:\/\/mediarun.com\/pl\/?post_type=news&#038;p=125208"},"modified":"2015-05-16T12:18:21","modified_gmt":"2015-05-16T10:18:21","slug":"rewolucja-opakowan-nowe-przepisy-ue","status":"publish","type":"post","link":"https:\/\/mediarun.com\/pl\/marketing\/rewolucja-opakowan-nowe-przepisy-ue.html","title":{"rendered":"Rewolucja opakowa\u0144 &#8211; nowe przepisy UE"},"content":{"rendered":"<p>Pod koniec 2014 roku wejd\u0105 w \u017cycie nowe przepisy dotycz\u0105ce zar\u00f3wno wygl\u0105du, jak i tre\u015bci nowych etykiet. Specjali\u015bci szacuj\u0105 koszt ich wymiany na ok. 2 mln z\u0142.<\/p>\n<p>Na etykietach produkt\u00f3w \u017cywno\u015bciowych b\u0119d\u0105 musia\u0142y znale\u017a\u0107 si\u0119 informacje, takie jak ilo\u015b\u0107 soli zawartej w artyku\u0142ach, wzmianka o ewentualnych substancjach alergennych oraz miejsce ich pochodzenia.<\/p>\n<p>Unijne rozporz\u0105dzenie zosta\u0142o uchwalone ju\u017c w pa\u017adzierniku 2011 roku, w \u017cycie wejdzie za\u015b 13 grudnia bie\u017c\u0105cego roku. Komisja Europejska da\u0142a w ten spos\u00f3b czas przedstawicielom bran\u017cy spo\u017cywczej na przygotowanie nowych wzor\u00f3w etykiet spe\u0142niaj\u0105cych wymogi UE.<\/p>\n<p>Nowe etykiety, kt\u00f3re maj\u0105 u\u0142atwi\u0107 konsumentom odnalezienie potrzebnych informacji o produkcie, b\u0119d\u0105 bardziej czytelne, jasne do zrozumienia i jednocze\u015bnie bardziej szczeg\u00f3\u0142owe.<\/p>\n<p>Przepisy b\u0119d\u0105 mia\u0142y zastosowanie tak\u017ce w reklamach oraz prezentacjach produkt\u00f3w spo\u017cywczych, sposobie ustawienia oraz wygl\u0105dzie otoczenia, w kt\u00f3rym b\u0119d\u0105 si\u0119 znajdowa\u0107.<\/p>\n<p>Unijne wymogi okre\u015blaj\u0105 szczeg\u00f3\u0142owo wygl\u0105d nowych etykiet. Czcionka ma mie\u0107 1,2 milimetra wysoko\u015bci. Producenci w\u0119dlin b\u0119d\u0105 zobowi\u0105zani, by rzetelnie i dok\u0142adnie opisywa\u0107 swe produkty, informuj\u0105c konsument\u00f3w np. o wodzie zawartej w szynce (je\u015bli przekracza 5%) i czy os\u0142onka, w kt\u00f3r\u0105 zosta\u0142 zapakowany produkt jest jadalna. Obowi\u0105zkowe b\u0119d\u0105 tak\u017ce informacje dotycz\u0105ce wyrob\u00f3w, kt\u00f3re nie s\u0105 sprzedawane w jednym kawa\u0142ku, jak np. kostka rybna, na kt\u00f3rej b\u0119dzie musia\u0142 znale\u017a\u0107 si\u0119 napis \u201ez po\u0142\u0105czonych kawa\u0142k\u00f3w ryby\u201d.<\/p>\n<p>Nowe przepisy u\u0142atwi\u0105 tak\u017ce \u017cycie os\u00f3b dbaj\u0105cych o w\u0142a\u015bciw\u0105 diet\u0119 \u017cywieniow\u0105, bowiem na produktach znajd\u0105 si\u0119 informacje o warto\u015bci energetycznej, ilo\u015bci t\u0142uszczu, kwas\u00f3w t\u0142uszczowych nasyconych, w\u0119glowodan\u00f3w, cukr\u00f3w, bia\u0142ek i soli. Obowi\u0105zkowe znakowanie warto\u015bci\u0105 od\u017cywcz\u0105 b\u0119dzie obowi\u0105zywa\u0107 od 2016 roku.<\/p>\n<p>Zmiany w etykietowaniu \u017cywno\u015bci b\u0119d\u0105 du\u017ce i kosztowne, ale dzi\u0119ki temu staniemy si\u0119 bardziej \u015bwiadomymi i mam nadziej\u0119 &#8211; zdrowszymi konsumentami.<\/p>\n<p>\u0179r\u00f3d\u0142o: PAP<\/p>\n","protected":false},"excerpt":{"rendered":"Bran\u017ca spo\u017cywcza przygotowuje si\u0119 do wprowadzenia nowych, bardziej czytelnych etykiet u\u0142atwiaj\u0105cych konsumentom \u015bwiadomy wyb\u00f3r produkt\u00f3w.","protected":false},"author":2,"featured_media":125209,"comment_status":"open","ping_status":"closed","sticky":false,"template":"","format":"standard","meta":{"csco_display_header_overlay":false,"csco_singular_sidebar":"","csco_page_header_type":"","csco_page_load_nextpost":"","csco_post_video_location":[],"csco_post_video_location_hash":"","csco_post_video_url":"","csco_post_video_bg_start_time":0,"csco_post_video_bg_end_time":0,"footnotes":""},"categories":[9639],"tags":[3151,3278,167,3277,3276,3145,3279],"class_list":{"0":"post-125208","1":"post","2":"type-post","3":"status-publish","4":"format-standard","5":"has-post-thumbnail","7":"category-marketing","8":"tag-branding-2","9":"tag-etykiety","10":"tag-komisja-europejska","11":"tag-opakowania","12":"tag-przepisy","13":"tag-ue","14":"tag-zmiany-w-przepisach-ue","15":"cs-entry","16":"cs-video-wrap"},"_links":{"self":[{"href":"https:\/\/mediarun.com\/pl\/wp-json\/wp\/v2\/posts\/125208","targetHints":{"allow":["GET"]}}],"collection":[{"href":"https:\/\/mediarun.com\/pl\/wp-json\/wp\/v2\/posts"}],"about":[{"href":"https:\/\/mediarun.com\/pl\/wp-json\/wp\/v2\/types\/post"}],"author":[{"embeddable":true,"href":"https:\/\/mediarun.com\/pl\/wp-json\/wp\/v2\/users\/2"}],"replies":[{"embeddable":true,"href":"https:\/\/mediarun.com\/pl\/wp-json\/wp\/v2\/comments?post=125208"}],"version-history":[{"count":0,"href":"https:\/\/mediarun.com\/pl\/wp-json\/wp\/v2\/posts\/125208\/revisions"}],"wp:featuredmedia":[{"embeddable":true,"href":"https:\/\/mediarun.com\/pl\/wp-json\/wp\/v2\/media\/125209"}],"wp:attachment":[{"href":"https:\/\/mediarun.com\/pl\/wp-json\/wp\/v2\/media?parent=125208"}],"wp:term":[{"taxonomy":"category","embeddable":true,"href":"https:\/\/mediarun.com\/pl\/wp-json\/wp\/v2\/categories?post=125208"},{"taxonomy":"post_tag","embeddable":true,"href":"https:\/\/mediarun.com\/pl\/wp-json\/wp\/v2\/tags?post=125208"}],"curies":[{"name":"wp","href":"https:\/\/api.w.org\/{rel}","templated":true}]}}