{"id":124834,"date":"2014-05-23T15:40:50","date_gmt":"2014-05-23T13:40:50","guid":{"rendered":"https:\/\/mediarun.com\/pl\/?post_type=news&#038;p=124834"},"modified":"2015-05-16T12:22:38","modified_gmt":"2015-05-16T10:22:38","slug":"znamy-nazwiska-jurorow-xv-edycji-konkursu-effie-awards","status":"publish","type":"post","link":"https:\/\/mediarun.com\/pl\/wydarzenia\/konkursy\/znamy-nazwiska-jurorow-xv-edycji-konkursu-effie-awards.html","title":{"rendered":"Znamy nazwiska juror\u00f3w XV edycji konkursu Effie Awards"},"content":{"rendered":"<p>&nbsp;<\/p>\n<p class=\"p1\">Gala Effie Awards, podczas kt\u00f3rej zostan\u0105 og\u0142oszone wyniki, odb\u0119dzie si\u0119 6 pa\u017adziernika 2014 roku w Teatrze Wielkim &#8211; Operze Narodowej w Warszawie.<\/p>\n<p class=\"p1\">Katarzyna Gola jest specjalist\u0105 z wieloletnim do\u015bwiadczeniem w dzia\u0142ach marketingu i sprzeda\u017cy. Dyrektor generalny Nivea swoje do\u015bwiadczenie zdobywa\u0142a w Polsce oraz za granic\u0105 &#8211; pracowa\u0142a w centrali w Niemczech nad strategi\u0105 globaln\u0105 firmy i jej egzekucj\u0105 na r\u00f3\u017cnych rynkach \u015bwiata.<\/p>\n<figure id=\"attachment_124835\" aria-describedby=\"caption-attachment-124835\" style=\"width: 800px\" class=\"wp-caption aligncenter\"><a href=\"https:\/\/mediarun.com\/wp-content\/uploads\/2014\/05\/Katarzyna-Gola.jpg\"><img fetchpriority=\"high\" decoding=\"async\" class=\"size-full wp-image-124835\" src=\"https:\/\/mediarun.com\/wp-content\/uploads\/2014\/05\/Katarzyna-Gola.jpg\" alt=\"Katarzyna Gola\" width=\"800\" height=\"1200\" title=\"\" srcset=\"https:\/\/mediarun.com\/pl\/wp-content\/uploads\/2014\/05\/Katarzyna-Gola.jpg 720w, https:\/\/mediarun.com\/pl\/wp-content\/uploads\/2014\/05\/Katarzyna-Gola-467x700.jpg 467w\" sizes=\"(max-width: 800px) 100vw, 800px\" \/><\/a><figcaption id=\"caption-attachment-124835\" class=\"wp-caption-text\">Katarzyna Gola<\/figcaption><\/figure>\n<p class=\"p3\">&#8211; <i>Jeszcze trudno mi si\u0119 wypowiedzie\u0107 nie znaj\u0105c nades\u0142anych prac, ale uwa\u017cam, \u017ce ze wzgl\u0119du na coraz wi\u0119kszy wp\u0142yw dystrybucji i punktu sprzeda\u017cy na sukces kampanii obiektywne mierzenie wynik\u00f3w efektywno\u015bci i ocena kampanii marketingowych b\u0119dzie trudniejsza &#8211; odpowiada Katarzyna Gola, pytana o najwi\u0119ksze wyzwanie stoj\u0105ce przed jury w tym roku.<\/i><\/p>\n<p class=\"p3\">Pracami Grupy 1, kt\u00f3ra obejmuje kategorie \u017bywno\u015b\u0107, Artyku\u0142y nie\u017cywno\u015bciowe, Napoje, Leki i Suplementy diety pokieruje Monika Jusi\u0144ska-Zbiegniewska, kierownik dzia\u0142u komunikacji i us\u0142ug marketingowych oraz deser\u00f3w i produkt\u00f3w zbo\u017cowych w Nestle Polska.<\/p>\n<p class=\"p3\">Kampanie z kategorii: Retail, Us\u0142ugi, Dobra Konsumenckie, E-commerce\/E-services\/M-commerce oraz Motoryzacja b\u0119dzie ocenia\u0107 jury pod opiek\u0105 Bogus\u0142awa Biszofa, prezesa zarz\u0105du Ekstraklasy.<\/p>\n<p class=\"p3\">Prace\u00a0Pro Bono, dotycz\u0105ce Edukacji spo\u0142ecznej i Kampanie CSR, Promocja Miejsc i Wydarze\u0144 oraz Sponsoring, Media i Rozrywka wy\u0142oni jury pod przewodnictwem Marka Szafarza, dyrektora marketingu Grupy TVN.<\/p>\n<p class=\"p3\">Obradami Grupy 4, kt\u00f3ra zajmie si\u0119: Bankowo\u015bci\u0105, Ubezpieczeniami i Inwestycjami oraz Telekomunikacj\u0105 pokieruje Tomasz Marsza\u0142\u0142, dyrektor marketingu PKO BP.<\/p>\n<p class=\"p3\">Grup\u0119 5, obejmuj\u0105c\u0105 kategorie: Launch, Long Term, Limited Budget, Technology &amp; Innovation poprowadzi Pawe\u0142 Kastory, prezes zarz\u0105du DDB Warszawa.<\/p>\n<p class=\"p3\">&#8211; <i>Spodziewam si\u0119, \u017ce zg\u0142oszone do tegorocznej edycji EFFIE przedsi\u0119wzi\u0119cia kampanijne, stanowi\u0107 b\u0119d\u0105 odzwierciedlenie tego, co mogli\u015bmy obserwowa\u0107 w dzia\u0142alno\u015bci komunikacyjnej sektora finansowego w ca\u0142ym minionym roku. Obok kampanii o charakterze produktowym pojawi\u0105 si\u0119 z pewno\u015bci\u0105 i takie, kt\u00f3rych przekaz dotyczy\u0107 b\u0119dzie funkcjonalno\u015bci produkt\u00f3w finansowych, ich przydatno\u015bci w \u017cyciu codziennym oraz takie, kt\u00f3re koncentrowa\u0107 si\u0119 b\u0119d\u0105 na wizerunku instytucji. Ponadto, spodziewam si\u0119, w\u015br\u00f3d tegorocznych zg\u0142osze\u0144 silnej reprezentacji kreacji reklamowych bazuj\u0105cych na wizerunku znanych celebryt\u00f3w, gdy\u017c nadal jest to format ch\u0119tnie eksploatowany w komunikacji reklamowej, nie tylko zreszt\u0105 finansowej. Dodatkowo licz\u0119 na to, \u017ce pojawi\u0105 si\u0119 zg\u0142oszenia zawieraj\u0105ce innowacyjne, i relatywnie tanie, rozwi\u0105zania pozwalaj\u0105ce na realizacj\u0119 kampanii komunikacyjnych na szerok\u0105 skal\u0119. Chcia\u0142bym, aby w\u015br\u00f3d zg\u0142osze\u0144 pojawi\u0142y si\u0119 \u015bwie\u017ce, zaskakuj\u0105ce pomys\u0142y, a w zesz\u0142ym roku pojawi\u0142o si\u0119 par\u0119 takich &#8211; komentuje Tomasz Marsza\u0142\u0142.<\/i><\/p>\n<p class=\"p3\">\u00a0Monika Jusi\u0144ska-Zbiegniewska wskaza\u0142a najwi\u0119ksze wyzwania jakie stoj\u0105 przed tegorocznym jury Effie:<\/p>\n<p class=\"p3\"><i>&#8211; Wa\u017cnym czynnikiem determinuj\u0105cym oceny jury jest obecna sytuacja rynkowa, kt\u00f3ra bardzo si\u0119 zmieni\u0142a. Projekty b\u0119d\u0105 oceniane inaczej ni\u017c w poprzednich edycjach, poniewa\u017c wiele kategorii FMCG nie ro\u015bnie, a niekt\u00f3re z nich spadaj\u0105. Konsument sta\u0142 si\u0119 r\u00f3wnie\u017c bardziej \u015bwiadomy i wymagaj\u0105cy. W takim otoczeniu rynkowym, nie zawsze wzrost sprzeda\u017cy decyduje o tym, \u017ce dana strategia komunikacji jest najlepsza, dlatego nie jest to g\u0142\u00f3wne kryterium oceny projekt\u00f3w konkursowych. Wyzwaniem stoj\u0105cym przed jury jest ocena projekt\u00f3w pod k\u0105tem zar\u00f3wno efektywno\u015bci, jak i kreatywno\u015bci. Musimy doceni\u0107 projekty, kt\u00f3re charakteryzuj\u0105 si\u0119 r\u00f3wnowag\u0105 mi\u0119dzy efektywno\u015bci\u0105 i kreatywno\u015bci\u0105, poniewa\u017c wtedy warto\u015b\u0107 takich dzia\u0142a\u0144 komunikacyjnych jest najwi\u0119ksza.<\/i><\/p>\n<p class=\"p3\">W konkursie mog\u0105 bra\u0107 udzia\u0142 kampanie marketingowe realizowane w Polsce od 1 stycznia 2013 do 31 marca 2014 roku.<\/p>\n<p>&nbsp;<\/p>\n","protected":false},"excerpt":{"rendered":"Jury, kt\u00f3re wy\u0142oni najbardziej efektywne polskie kampanie marketingowe ostatniego roku w konkursie Effie Awards 2014, liczy 77 cz\u0142onk\u00f3w, kt\u00f3rzy b\u0119d\u0105 ocenia\u0107 zg\u0142oszone projekty pod przewodnictwem Katarzyny Goli &#8211; dyrektora generalnego Nivea Polska oraz pod opiek\u0105 5 przewodnicz\u0105cych grup jurorskich.","protected":false},"author":2,"featured_media":124836,"comment_status":"open","ping_status":"closed","sticky":false,"template":"","format":"standard","meta":{"csco_display_header_overlay":false,"csco_singular_sidebar":"","csco_page_header_type":"","csco_page_load_nextpost":"","csco_post_video_location":[],"csco_post_video_location_hash":"","csco_post_video_url":"","csco_post_video_bg_start_time":0,"csco_post_video_bg_end_time":0,"footnotes":""},"categories":[4640],"tags":[5226,227,430,9640],"class_list":{"0":"post-124834","1":"post","2":"type-post","3":"status-publish","4":"format-standard","5":"has-post-thumbnail","7":"category-konkursy","8":"tag-effie","9":"tag-effie-awards","10":"tag-konkurs","11":"tag-marketing","12":"cs-entry","13":"cs-video-wrap"},"_links":{"self":[{"href":"https:\/\/mediarun.com\/pl\/wp-json\/wp\/v2\/posts\/124834","targetHints":{"allow":["GET"]}}],"collection":[{"href":"https:\/\/mediarun.com\/pl\/wp-json\/wp\/v2\/posts"}],"about":[{"href":"https:\/\/mediarun.com\/pl\/wp-json\/wp\/v2\/types\/post"}],"author":[{"embeddable":true,"href":"https:\/\/mediarun.com\/pl\/wp-json\/wp\/v2\/users\/2"}],"replies":[{"embeddable":true,"href":"https:\/\/mediarun.com\/pl\/wp-json\/wp\/v2\/comments?post=124834"}],"version-history":[{"count":0,"href":"https:\/\/mediarun.com\/pl\/wp-json\/wp\/v2\/posts\/124834\/revisions"}],"wp:featuredmedia":[{"embeddable":true,"href":"https:\/\/mediarun.com\/pl\/wp-json\/wp\/v2\/media\/124836"}],"wp:attachment":[{"href":"https:\/\/mediarun.com\/pl\/wp-json\/wp\/v2\/media?parent=124834"}],"wp:term":[{"taxonomy":"category","embeddable":true,"href":"https:\/\/mediarun.com\/pl\/wp-json\/wp\/v2\/categories?post=124834"},{"taxonomy":"post_tag","embeddable":true,"href":"https:\/\/mediarun.com\/pl\/wp-json\/wp\/v2\/tags?post=124834"}],"curies":[{"name":"wp","href":"https:\/\/api.w.org\/{rel}","templated":true}]}}