{"id":124670,"date":"2014-05-14T15:29:36","date_gmt":"2014-05-14T13:29:36","guid":{"rendered":"https:\/\/mediarun.com\/pl\/?post_type=news&#038;p=124670"},"modified":"2015-05-16T12:23:09","modified_gmt":"2015-05-16T10:23:09","slug":"joanna-bensz-dyrektorem-zarzadzajacym-w-ch2m-hill-polska","status":"publish","type":"post","link":"https:\/\/mediarun.com\/pl\/ludzie\/kariera\/joanna-bensz-dyrektorem-zarzadzajacym-w-ch2m-hill-polska.html","title":{"rendered":"Joanna Bensz dyrektorem zarz\u0105dzaj\u0105cym w CH2M HILL Polska"},"content":{"rendered":"<p>Joanna Bensza od ponad 16 lat jest zwi\u0105zana z sektorem us\u0142ug projektowych, zarz\u0105dzania projektami oraz doradztwa w lokalizacji inwestycji.\u00a0 Przez ostatnie lata by\u0142a odpowiedzialna za rozw\u00f3j biznesu w sektorze spo\u017cywczym, <span class=\"s1\">FMCG, farmaceutycznym, urz\u0105dze\u0144 medycznych oraz\u00a0zaawansowanych technologii.\u00a0<\/span><\/p>\n<p class=\"p2\"><i>&#8211; Od d\u0142u\u017cszego czasu by\u0142am pod wra\u017ceniem warto\u015bci panuj\u0105cych w CH2M HILL i dywersyfikacji dzia\u0142alno\u015bci. Nasi eksperci w Polsce \u015bwiadcz\u0105 szerokie portfolio us\u0142ug poczynaj\u0105c od studi\u00f3w wykonalno\u015bci modernizacji linii kolejowych, przez dokumentacj\u0119 techniczn\u0105 i nadz\u00f3r autorski nad budow\u0105 nowego mostu w <\/i><span class=\"s2\">Kamieniu<\/span> \u2013 m\u00f3wi Joanna Bensz, dyrektor zarz\u0105dzaj\u0105cy <span class=\"s2\">CH2M HILL Polska. <i>Nasza firma realizuje projekty budowy oraz modernizacji fabryk dla klient\u00f3w <\/i><\/span><i>w Polsce i zagranic\u0105, raporty oddzia\u0142ywania inwestycji na \u015brodowisk<\/i><span class=\"s2\"><i>o oraz nadzory techniczne nad pracami ochrony przeciwpowodziowej np. <\/i><\/span><i>dla miasta Wroc\u0142awia.<\/i><span class=\"s2\"><i>\u00a0<\/i><\/span><\/p>\n<p class=\"p2\"><i>&#8211; Widz\u0119 ogromny potencja\u0142 rozwoju firmy w Polsce, nie\u00a0tylko w sektorze transportu, in\u017cynierii \u015brodowiska czy sek<\/i><span class=\"s2\"><i>torze prze<\/i><\/span><i>mys\u0142owym, ale tak\u017ce kilku innych<\/i><span class=\"s2\"><i>. <\/i><\/span><i>Firma prowadzi r\u00f3wnie\u017c dzia\u0142alno\u015b\u0107 w\u00a0zakresie realizacji us\u0142ug wsp\u00f3lnych dla innych biur mi\u0119dzynarodowych zar\u00f3wno w zakresie ksi\u0119gowo\u015bci, zakup\u00f3w jak i <\/i><span class=\"s2\"><i>prac projektowych. Polska stanowi strategiczny rynek dla CH2M HILL i\u00a0<\/i><\/span><i>wierz\u0119, \u017ce tempo rozwoju w najbli\u017cszych latach utrzyma si\u0119<\/i><span class=\"s2\"><i> co najmniej na obecnym poziomie a firma coraz mocniej<\/i><\/span><i> zaznaczy swoj\u0105 obecno\u015b\u0107 na rynku lokalnym<\/i><span class=\"s2\"><i> <\/i>\u2013 dodaje Bensz.\u00a0<\/span><\/p>\n<p>&nbsp;<\/p>\n","protected":false},"excerpt":{"rendered":"Joanna Bensz obj\u0119\u0142a stanowisko dyrektora zarz\u0105dzaj\u0105cego  w CH2M Hill Polska w regionie Europa. Wcze\u015bniej Joanna Bensz by\u0142a  zatrudniona w PM Group jako cz\u0142onek zarz\u0105du i dyrektor ds. rozwoju i marketingu w Europie \u015arodkowo-Wschodniej. Od 10 lat prowadzi\u0142a tak\u017ce oddzia\u0142 Ameryka\u0144skiej Izby Handlowej (AmCham) we Wroc\u0142awiu. Od 2012 roku jest cz\u0142onkiem zarz\u0105du AmCham w Polsce.","protected":false},"author":2,"featured_media":124672,"comment_status":"open","ping_status":"closed","sticky":false,"template":"","format":"standard","meta":{"csco_display_header_overlay":false,"csco_singular_sidebar":"","csco_page_header_type":"","csco_page_load_nextpost":"","csco_post_video_location":[],"csco_post_video_location_hash":"","csco_post_video_url":"","csco_post_video_bg_start_time":0,"csco_post_video_bg_end_time":0,"footnotes":""},"categories":[5909],"tags":[3621,4677,4678,4679],"class_list":{"0":"post-124670","1":"post","2":"type-post","3":"status-publish","4":"format-standard","5":"has-post-thumbnail","7":"category-kariera","8":"tag-awans","9":"tag-ch2m-hill-polska","10":"tag-joanna-bensza","11":"tag-ludzie","12":"cs-entry","13":"cs-video-wrap"},"_links":{"self":[{"href":"https:\/\/mediarun.com\/pl\/wp-json\/wp\/v2\/posts\/124670","targetHints":{"allow":["GET"]}}],"collection":[{"href":"https:\/\/mediarun.com\/pl\/wp-json\/wp\/v2\/posts"}],"about":[{"href":"https:\/\/mediarun.com\/pl\/wp-json\/wp\/v2\/types\/post"}],"author":[{"embeddable":true,"href":"https:\/\/mediarun.com\/pl\/wp-json\/wp\/v2\/users\/2"}],"replies":[{"embeddable":true,"href":"https:\/\/mediarun.com\/pl\/wp-json\/wp\/v2\/comments?post=124670"}],"version-history":[{"count":0,"href":"https:\/\/mediarun.com\/pl\/wp-json\/wp\/v2\/posts\/124670\/revisions"}],"wp:featuredmedia":[{"embeddable":true,"href":"https:\/\/mediarun.com\/pl\/wp-json\/wp\/v2\/media\/124672"}],"wp:attachment":[{"href":"https:\/\/mediarun.com\/pl\/wp-json\/wp\/v2\/media?parent=124670"}],"wp:term":[{"taxonomy":"category","embeddable":true,"href":"https:\/\/mediarun.com\/pl\/wp-json\/wp\/v2\/categories?post=124670"},{"taxonomy":"post_tag","embeddable":true,"href":"https:\/\/mediarun.com\/pl\/wp-json\/wp\/v2\/tags?post=124670"}],"curies":[{"name":"wp","href":"https:\/\/api.w.org\/{rel}","templated":true}]}}