{"id":124624,"date":"2014-06-30T13:33:45","date_gmt":"2014-06-30T11:33:45","guid":{"rendered":"https:\/\/mediarun.com\/pl\/?post_type=news&#038;p=124624"},"modified":"2015-05-16T12:17:40","modified_gmt":"2015-05-16T10:17:40","slug":"podroz-do-przeszlosci-z-mercedesem","status":"publish","type":"post","link":"https:\/\/mediarun.com\/pl\/marketing\/podroz-do-przeszlosci-z-mercedesem.html","title":{"rendered":"Podr\u00f3\u017c do przesz\u0142o\u015bci z Mercedesem"},"content":{"rendered":"<p>Przygotowa\u0142am dla Was zestawienie pi\u0119knych pod wzgl\u0119dem wizualnym, ale r\u00f3wnie\u017c koncepcyjnym, nasyconych inspiracjami sztuk\u0105 i aktualnymi w owych czasach trendami &#8211; reklam marki Mercedes.<\/p>\n<p class=\"p1\">Dzi\u015b te kunsztowne artystycznie i rzemie\u015blniczo prace wpisuj\u0105 si\u0119 w nurt vintage &#8211; powrotu do przesz\u0142o\u015bci, czerpania ze wszystkiego, co by\u0142o i nigdy ju\u017c nie wr\u00f3ci\u2026 Tak jak bohaterowie allenowskiego filmu \u201eO p\u00f3\u0142nocy w Pary\u017cu\u201d nieustannie t\u0119sknimy do pi\u0119kniejszych z dzisiejszego punktu widzenia (bo magicznych i niedost\u0119pnych) oraz niezwykle fascynuj\u0105cych czas\u00f3w, z t\u0105 jednak r\u00f3\u017cnic\u0105, \u017ce nie deprecjonujemy b\u0142yskawicznie nast\u0119puj\u0105cego post\u0119pu w ka\u017cdej dziedzinie ludzkiego \u017cycia, potrafi\u0105c dostrzec jego nieocenione zalety i wzoruj\u0105c si\u0119 na tym, co w minionych czasach najlepsze.<\/p>\n<p class=\"p1\">Zapraszam wi\u0119c do wsp\u00f3lnej podr\u00f3\u017cy po inspiracje do poprzedniego stulecia:<\/p>\n<p class=\"p1\"><a href=\"https:\/\/mediarun.com\/wp-content\/uploads\/2014\/05\/mediarundeimler.jpg\"><img fetchpriority=\"high\" decoding=\"async\" class=\"size-full wp-image-124648 aligncenter\" src=\"https:\/\/mediarun.com\/wp-content\/uploads\/2014\/05\/mediarundeimler.jpg\" alt=\"mediarundeimler\" width=\"800\" height=\"1228\" title=\"\" srcset=\"https:\/\/mediarun.com\/pl\/wp-content\/uploads\/2014\/05\/mediarundeimler.jpg 703w, https:\/\/mediarun.com\/pl\/wp-content\/uploads\/2014\/05\/mediarundeimler-456x700.jpg 456w\" sizes=\"(max-width: 800px) 100vw, 800px\" \/><\/a><\/p>\n<p class=\"p1\">Plakat z 1912 utrzymany w stylu secesyjnym.<\/p>\n<p class=\"p1\"><a href=\"https:\/\/mediarun.com\/wp-content\/uploads\/2014\/05\/mediarun1921mercedes2.jpg\"><img decoding=\"async\" class=\"wp-image-124625 size-full aligncenter\" src=\"https:\/\/mediarun.com\/wp-content\/uploads\/2014\/05\/mediarun1921mercedes2.jpg\" alt=\"mediarun1921mercedes2\" width=\"800\" height=\"729\" title=\"\" srcset=\"https:\/\/mediarun.com\/pl\/wp-content\/uploads\/2014\/05\/mediarun1921mercedes2.jpg 800w, https:\/\/mediarun.com\/pl\/wp-content\/uploads\/2014\/05\/mediarun1921mercedes2-768x700.jpg 768w\" sizes=\"(max-width: 800px) 100vw, 800px\" \/><\/a><\/p>\n<p class=\"p1\">Reklama z 1921 roku, plakat firmy za\u0142o\u017conej w 1890 roku przez wizjonera &#8211; Gottlieba Daimlera &#8211; Daimler-Motoren-Gesellschaft (DMG), p\u00f3\u017aniejszego Mercedesa (nazwa pochodzi od imienia c\u00f3rki Emila Jellinka &#8211; najwi\u0119kszego klienta Daimlera.<\/p>\n<p class=\"p2\"><a href=\"https:\/\/mediarun.com\/wp-content\/uploads\/2014\/05\/mediarunmercedes-benzvintage1.jpg\"><img decoding=\"async\" class=\"wp-image-124626 size-full aligncenter\" src=\"https:\/\/mediarun.com\/wp-content\/uploads\/2014\/05\/mediarunmercedes-benzvintage1.jpg\" alt=\"mediarunmercedes-benzvintage1\" width=\"800\" height=\"1161\" title=\"\" srcset=\"https:\/\/mediarun.com\/pl\/wp-content\/uploads\/2014\/05\/mediarunmercedes-benzvintage1.jpg 744w, https:\/\/mediarun.com\/pl\/wp-content\/uploads\/2014\/05\/mediarunmercedes-benzvintage1-482x700.jpg 482w\" sizes=\"(max-width: 800px) 100vw, 800px\" \/><\/a><\/p>\n<p class=\"p2\">Plakat z 1926 powsta\u0142 po po\u0142\u0105czeniu firm Benz &amp; Co. i Mercedes (logo tr\u00f3jk\u0105tnej gwiazdy).<\/p>\n<p class=\"p2\"><a href=\"https:\/\/mediarun.com\/wp-content\/uploads\/2014\/05\/mediarunfrauinrot.jpg\"><img loading=\"lazy\" decoding=\"async\" class=\"wp-image-124627 size-full aligncenter\" src=\"https:\/\/mediarun.com\/wp-content\/uploads\/2014\/05\/mediarunfrauinrot.jpg\" alt=\"mediarunfrauinrot\" width=\"800\" height=\"1123\" title=\"\" srcset=\"https:\/\/mediarun.com\/pl\/wp-content\/uploads\/2014\/05\/mediarunfrauinrot.jpg 769w, https:\/\/mediarun.com\/pl\/wp-content\/uploads\/2014\/05\/mediarunfrauinrot-498x700.jpg 498w\" sizes=\"(max-width: 800px) 100vw, 800px\" \/><\/a><\/p>\n<p class=\"p1\">Reklama autorstwa Edwarda Cucuela Offelsmeyera z 1928 roku. Na plakacie pojawia si\u0119 kobieta w czerwieni. Sexy i z klas\u0105.<\/p>\n<p class=\"p1\">\u00a0\u00a0<a href=\"https:\/\/mediarun.com\/wp-content\/uploads\/2014\/05\/mediarunmerc1929.jpg\"><img loading=\"lazy\" decoding=\"async\" class=\"size-full wp-image-124632 aligncenter\" src=\"https:\/\/mediarun.com\/wp-content\/uploads\/2014\/05\/mediarunmerc1929.jpg\" alt=\"mediarunmerc1929\" width=\"800\" height=\"729\" title=\"\" srcset=\"https:\/\/mediarun.com\/pl\/wp-content\/uploads\/2014\/05\/mediarunmerc1929.jpg 800w, https:\/\/mediarun.com\/pl\/wp-content\/uploads\/2014\/05\/mediarunmerc1929-768x700.jpg 768w\" sizes=\"(max-width: 800px) 100vw, 800px\" \/><\/a><\/p>\n<p class=\"p1\">Plakat z 1929 roku prezentuje nurt dominuj\u0105cy w\u00f3wczas w grafice u\u017cytkowej: konstruktywizm czerpi\u0105cy z element\u00f3w geometrycznych i nowoczesno\u015bci.<\/p>\n<p class=\"p1\"><a href=\"https:\/\/mediarun.com\/wp-content\/uploads\/2014\/05\/mediarunJuppWierts.jpg\"><img loading=\"lazy\" decoding=\"async\" class=\"size-full wp-image-124645 aligncenter\" src=\"https:\/\/mediarun.com\/wp-content\/uploads\/2014\/05\/mediarunJuppWierts.jpg\" alt=\"mediarunJuppWierts\" width=\"800\" height=\"1086\" title=\"\" srcset=\"https:\/\/mediarun.com\/pl\/wp-content\/uploads\/2014\/05\/mediarunJuppWierts.jpg 795w, https:\/\/mediarun.com\/pl\/wp-content\/uploads\/2014\/05\/mediarunJuppWierts-515x700.jpg 515w\" sizes=\"(max-width: 800px) 100vw, 800px\" \/><\/a><\/p>\n<p class=\"p1\">Sukcesy rajdowe zainspirowa\u0142y mark\u0119 do tworzenia plakat\u00f3w w stylu glamour. Dzie\u0142o Juppa Wiertza z 1936 roku, powsta\u0142e z okazji 50-lecia wynalezienia automobilu.<\/p>\n<p class=\"p1\"><a href=\"https:\/\/mediarun.com\/wp-content\/uploads\/2014\/05\/mediarunmerc1936ch\u0142opcy.jpg\"><img loading=\"lazy\" decoding=\"async\" class=\"size-full wp-image-124647 aligncenter\" src=\"https:\/\/mediarun.com\/wp-content\/uploads\/2014\/05\/mediarunmerc1936ch\u0142opcy.jpg\" alt=\"mediarunmerc1936ch\u0142opcy\" width=\"800\" height=\"446\" title=\"\"><\/a><\/p>\n<p class=\"p1\">A to ju\u017c wsp\u00f3\u0142czesne podej\u015bcie do reklamy bazuj\u0105ce na grze skojarzeniami i pobudzaj\u0105ce wyobra\u017ani\u0119 odbiorcy. Zdj\u0119cie z 1936 roku, zatytu\u0142owane \u201eThat must have been a Mercedes-Benz\u2026!\u201d.<\/p>\n<p class=\"p1\">W drugiej po\u0142owie lat 50-tych Daimler-Benz nawi\u0105zali wsp\u00f3\u0142prac\u0119 z agencj\u0105 reklamow\u0105, nadaj\u0105c swoim kampaniom bardziej nowoczesny i wyrazisty charakter. Samoch\u00f3d sta\u0142 si\u0119 obiektem po\u017c\u0105dania, marze\u0144, symbolem presti\u017cu i sukcesu.<\/p>\n<p class=\"p1\">Kobiety zacz\u0119\u0142y by\u0107 przedstawiane nie tylko w roli pasa\u017cerek pojazdu, ale r\u00f3wnie\u017c samych kierowc\u00f3w, maj\u0105cych r\u00f3wne prawa by zasi\u0105\u015b\u0107 za kierownic\u0105 luksusowych aut.<\/p>\n<p class=\"p1\">Has\u0142o, kt\u00f3re od pocz\u0105tku towarzyszy kampaniom marketingowym Mercedesa do dzi\u015b, s\u0105 s\u0142owa samego Gottlieba Daimlera: \u201eThe best or nothing\u201d.<\/p>\n<p><iframe src=\"\/\/www.youtube.com\/embed\/HkV2dflBvcA\" width=\"800\" height=\"500\" frameborder=\"0\" allowfullscreen=\"allowfullscreen\"><\/iframe><\/p>\n<p class=\"p2\"><br class=\"Apple-interchange-newline\" \/>\u0179r\u00f3d\u0142o: www5.mercedes-benz.com<\/p>\n<p>&nbsp;<\/p>\n","protected":false},"excerpt":{"rendered":"Brand design jest warto\u015bci\u0105 marki. O jego jako\u015bci decyduje wiele element\u00f3w, przede wszystkim: koncepcja, copywriting i sam design. Marka Mercedes ju\u017c sto lat temu zachwyca\u0142a nas nienagann\u0105 stylistyk\u0105, zar\u00f3wno je\u015bli chodzi o modele samochod\u00f3w, jak i szeroko zakrojone dzia\u0142ania marketingowe.","protected":false},"author":2,"featured_media":124629,"comment_status":"open","ping_status":"closed","sticky":false,"template":"","format":"standard","meta":{"csco_display_header_overlay":false,"csco_singular_sidebar":"","csco_page_header_type":"","csco_page_load_nextpost":"","csco_post_video_location":[],"csco_post_video_location_hash":"","csco_post_video_url":"","csco_post_video_bg_start_time":0,"csco_post_video_bg_end_time":0,"footnotes":""},"categories":[9639],"tags":[],"class_list":{"0":"post-124624","1":"post","2":"type-post","3":"status-publish","4":"format-standard","5":"has-post-thumbnail","7":"category-marketing","8":"cs-entry","9":"cs-video-wrap"},"_links":{"self":[{"href":"https:\/\/mediarun.com\/pl\/wp-json\/wp\/v2\/posts\/124624","targetHints":{"allow":["GET"]}}],"collection":[{"href":"https:\/\/mediarun.com\/pl\/wp-json\/wp\/v2\/posts"}],"about":[{"href":"https:\/\/mediarun.com\/pl\/wp-json\/wp\/v2\/types\/post"}],"author":[{"embeddable":true,"href":"https:\/\/mediarun.com\/pl\/wp-json\/wp\/v2\/users\/2"}],"replies":[{"embeddable":true,"href":"https:\/\/mediarun.com\/pl\/wp-json\/wp\/v2\/comments?post=124624"}],"version-history":[{"count":0,"href":"https:\/\/mediarun.com\/pl\/wp-json\/wp\/v2\/posts\/124624\/revisions"}],"wp:featuredmedia":[{"embeddable":true,"href":"https:\/\/mediarun.com\/pl\/wp-json\/wp\/v2\/media\/124629"}],"wp:attachment":[{"href":"https:\/\/mediarun.com\/pl\/wp-json\/wp\/v2\/media?parent=124624"}],"wp:term":[{"taxonomy":"category","embeddable":true,"href":"https:\/\/mediarun.com\/pl\/wp-json\/wp\/v2\/categories?post=124624"},{"taxonomy":"post_tag","embeddable":true,"href":"https:\/\/mediarun.com\/pl\/wp-json\/wp\/v2\/tags?post=124624"}],"curies":[{"name":"wp","href":"https:\/\/api.w.org\/{rel}","templated":true}]}}