{"id":124397,"date":"2000-10-13T19:28:13","date_gmt":"2000-10-13T17:28:13","guid":{"rendered":"https:\/\/mediarun.com\/index.php\/news-posts\/zielone-swiatlo-dla-fuzji-vivendi-z-seagram\/"},"modified":"2000-10-13T19:28:13","modified_gmt":"2000-10-13T17:28:13","slug":"zielone-swiatlo-dla-fuzji-vivendi-z-seagram","status":"publish","type":"post","link":"https:\/\/mediarun.com\/pl\/media\/tv\/zielone-swiatlo-dla-fuzji-vivendi-z-seagram.html","title":{"rendered":"Zielone \u015bwiat\u0142o dla fuzji Vivendi z Seagram"},"content":{"rendered":"<p>Podczas wcze\u015bniejszej konferencji kierowanej do analityk\u00f3w, prezes Vivendi, Jean Marie-Messier, nie \u0142\u0105czy\u0142 plan\u00f3w sprzedania udzia\u0142\u00f3w jego firmy w BSkyB z planowan\u0105 fuzj\u0105 z Seagram, kt\u00f3ra warta jest obecnie 34 mln dolar\u00f3w. Analitycy twierdz\u0105 jednak, \u017ce dok\u0142adnie tak to odebrali.<\/p>\n<p>&#8211; By\u0142by to niesamowity zbieg okoliczno\u015bci, gdyby te dwie sprawy nie mia\u0142y nic wsp\u00f3lnego &#8211; powiedzia\u0142 Jean-Pierre Geremy, analityk z domu akcyjnego Wargny.<\/p>\n<p>Vivendi posiada obecnie 23 proc. udzia\u0142\u00f3w w BSkyB, jednak 3 proc. z nich zosta\u0142o wydzielonych na osobne obligacje zamienne, kt\u00f3re maj\u0105 pom\u00f3c francuskiemu konglomeratowi w finansowaniu koncesj\u0119 na telefoni\u0119 kom\u00f3rkow\u0105 UMTS we Francji.<\/p>\n<p>Sprzeda\u017c udzia\u0142\u00f3w w brytyjskim operatorze by\u0142a wygodnym wyj\u015bciem awaryjnym dla Vivendi, kt\u00f3re od d\u0142u\u017cszego czasu stara\u0142o si\u0119 mie\u0107 wi\u0119kszy wp\u0142yw na t\u0105 sp\u00f3\u0142k\u0119. Dla BSkyB, kt\u00f3rego g\u0142\u00f3wnym udzia\u0142owcem jest maj\u0105ce 34 proc. News Corp. Ruperta Murdocha, sprzeda\u017c usun\u0119\u0142aby niewygodnego, mniejszo\u015bciowego, udzia\u0142owca.<\/p>\n<p>Innym wyj\u015bciem dla francuskiego konglomeratu by\u0142a zamiana swoich udzia\u0142\u00f3w w BSkyB na ma\u0142y udzia\u0142y w Sky Global, nowym konglomeracie biznes\u00f3w satelitarnych, nale\u017c\u0105cych do firm Murdocha. Jean Marie-Messier zapowiedzia\u0142 na pocz\u0105tku pa\u017adziernika, \u017ce Vivendi przeleje swoje udzia\u0142y w brytyjskiej sp\u00f3\u0142ce do nowej firmy, pod warunkiem, \u017ce znajdzie si\u0119 dla niego miejsce w jej zarz\u0105dzie.<\/p>\n<p>Decyzja o zezwoleniu na megafuzj\u0119 zostanie wydana przez Komisj\u0119 oko\u0142o 18:00, 13 pa\u017adziernika. Analitycy przewidywali takie rozwi\u0105zanie, gdy\u017c  szanse na rozpocz\u0119cie dodatkowego, trwaj\u0105cego 4 miesi\u0105ce \u015bledztwa wyja\u015bniaj\u0105cego, by\u0142y nik\u0142e. Fuzja jest europejsk\u0105 przeciwwag\u0105 dla powstania grupy AOL Time Warner.<\/p>\n<p>W mi\u0119dzy czasie powsta\u0142o wiele w\u0105tpliwo\u015bci co do dzia\u0142alno\u015bci nowego giganta na rynku, gdy\u017c obecnie, nale\u017c\u0105ca do Seagram, wytw\u00f3rnia filmowa Universal Studios posiada umow\u0119 na pierwsze\u0144stwo emisji ze stacjami Canal Plus we Francji, Hiszpanii i w Polsce. Jednak zgodnie z zapowiedziami szef\u00f3w firmy, po wyga\u015bni\u0119ciu obecnych um\u00f3w, nowe b\u0119d\u0105 udost\u0119pnia\u0142y prawa emisji innym nadawcom.<\/p>\n<p>Przez pierwsze dwa lata dzia\u0142alno\u015bci nie maj\u0105 by\u0107 r\u00f3wnie\u017c podejmowane \u017cadne dzia\u0142ania dotycz\u0105ce dystrybucji muzyki przez firm\u0119 Vivendi Universal, kt\u00f3ra posiada\u0107 b\u0119dzie jeden z najwi\u0119kszych udzia\u0142\u00f3w w rynku. Obecne Universal Music powsta\u0142o z przej\u0119cia przez Universal PolyGram i kilku innych wytw\u00f3rni.<\/p>\n<p>Obecnie Jean Marie-Messier nie ma si\u0119 o co martwi\u0107. Vivendi stanie si\u0119 najwi\u0119kszym europejskim koncernem medialnym, w kt\u00f3rego r\u0119kach znajd\u0105 si\u0119 takie k\u0105ski jak m.in. platformy cyfrowe, stacje p\u0142atnej telewizji, sieci kom\u00f3rkowe i telekomunikacyjne, wytw\u00f3rnie muzyczne i filmowe oraz portale internetowe.<\/p>\n<p>Sprawa los\u00f3w udzia\u0142\u00f3w Vivendi w BSkyB nie zosta\u0142a jednak rozstrzygni\u0119ta, gdy\u017c Francuzi walcz\u0105 obecnie o lepsz\u0105 pozycj\u0119 w tworzonym holdingu Sky Global. Je\u017celi to im si\u0119 nie uda, akcje te zostan\u0105 sprzedane w licytacji.<\/p>\n","protected":false},"excerpt":{"rendered":"Vivendi rozwa\u017ca\u0142a sprzeda\u017c swoich 20 proc. udzia\u0142\u00f3w w brytyjskim operatorze telewizji p\u0142atnej, British Sky Broadcasting, aby rozwia\u0107 w\u0105tpliwo\u015bci Komisji Europejskiej co do zaaprobowania przez ni\u0105 fuzji francuskiego konglomeratu z kanadyjskim gigantem medialno &#8211; alkoholowym, Seagram. Jednak komisja, w pi\u0105tek, p\u00f3\u017anym popo\u0142udniem bez problemu zaakceptowa\u0142a fuzj\u0119 i bez tego.","protected":false},"author":1,"featured_media":0,"comment_status":"open","ping_status":"closed","sticky":false,"template":"","format":"standard","meta":{"csco_display_header_overlay":false,"csco_singular_sidebar":"","csco_page_header_type":"","csco_page_load_nextpost":"","csco_post_video_location":[],"csco_post_video_location_hash":"","csco_post_video_url":"","csco_post_video_bg_start_time":0,"csco_post_video_bg_end_time":0,"footnotes":""},"categories":[9670],"tags":[],"class_list":{"0":"post-124397","1":"post","2":"type-post","3":"status-publish","4":"format-standard","6":"category-tv","7":"cs-entry","8":"cs-video-wrap"},"_links":{"self":[{"href":"https:\/\/mediarun.com\/pl\/wp-json\/wp\/v2\/posts\/124397","targetHints":{"allow":["GET"]}}],"collection":[{"href":"https:\/\/mediarun.com\/pl\/wp-json\/wp\/v2\/posts"}],"about":[{"href":"https:\/\/mediarun.com\/pl\/wp-json\/wp\/v2\/types\/post"}],"author":[{"embeddable":true,"href":"https:\/\/mediarun.com\/pl\/wp-json\/wp\/v2\/users\/1"}],"replies":[{"embeddable":true,"href":"https:\/\/mediarun.com\/pl\/wp-json\/wp\/v2\/comments?post=124397"}],"version-history":[{"count":0,"href":"https:\/\/mediarun.com\/pl\/wp-json\/wp\/v2\/posts\/124397\/revisions"}],"wp:attachment":[{"href":"https:\/\/mediarun.com\/pl\/wp-json\/wp\/v2\/media?parent=124397"}],"wp:term":[{"taxonomy":"category","embeddable":true,"href":"https:\/\/mediarun.com\/pl\/wp-json\/wp\/v2\/categories?post=124397"},{"taxonomy":"post_tag","embeddable":true,"href":"https:\/\/mediarun.com\/pl\/wp-json\/wp\/v2\/tags?post=124397"}],"curies":[{"name":"wp","href":"https:\/\/api.w.org\/{rel}","templated":true}]}}