{"id":124391,"date":"2000-10-16T12:25:48","date_gmt":"2000-10-16T10:25:48","guid":{"rendered":"https:\/\/mediarun.com\/index.php\/news-posts\/man-utd-mianowal-nowego-szefa-pr\/"},"modified":"2000-10-16T12:25:48","modified_gmt":"2000-10-16T10:25:48","slug":"man-utd-mianowal-nowego-szefa-pr","status":"publish","type":"post","link":"https:\/\/mediarun.com\/pl\/media\/tv\/man-utd-mianowal-nowego-szefa-pr.html","title":{"rendered":"Man Utd mianowa\u0142 nowego szefa PR"},"content":{"rendered":"<p>Poprzednia szefowa PR, Alison Ryan, wcze\u015bniej odpowiedzialna m.in. za publiczny wizerunek NTL, zosta\u0142a odwo\u0142ana ze stanowiska w Man Utd. zalewdwie dwa tygodnie po nominacji. Wydsz\u0142o na jaw bowiem, \u017ce zosta\u0142y jej odebrane uprawnienia praktykowania zawodu, ze wzgl\u0119du na kilka nieprofesjonalnych posuni\u0119\u0107.<\/p>\n<p>Nowy szef ma by\u0107 odpowiedzialny za poprawienie wizerunku klubu z Old Trafford. Jego celem ma by\u0107 podniesienie, ostatnio kiepskich, notowa\u0144 klubu w mediach i w\u015br\u00f3d jego fan\u00f3w.<\/p>\n<p>Harverson zajmie si\u0119 operacjami medialnymi mistrza angielskiej Premier League od grudnia.<\/p>\n","protected":false},"excerpt":{"rendered":"Angielski klub sportowy Manchester United mianowa\u0142 Patricka Harversona, by\u0142ego dziennikarza sportowego Financial Times, na stanowisko dyrektora ds. komunikacji. Jest to ju\u017c kolejna zmiana na tym stanowisku, w ci\u0105gu ostatnich tygodni.","protected":false},"author":1,"featured_media":0,"comment_status":"open","ping_status":"closed","sticky":false,"template":"","format":"standard","meta":{"csco_display_header_overlay":false,"csco_singular_sidebar":"","csco_page_header_type":"","csco_page_load_nextpost":"","csco_post_video_location":[],"csco_post_video_location_hash":"","csco_post_video_url":"","csco_post_video_bg_start_time":0,"csco_post_video_bg_end_time":0,"footnotes":""},"categories":[9670],"tags":[],"class_list":{"0":"post-124391","1":"post","2":"type-post","3":"status-publish","4":"format-standard","6":"category-tv","7":"cs-entry","8":"cs-video-wrap"},"_links":{"self":[{"href":"https:\/\/mediarun.com\/pl\/wp-json\/wp\/v2\/posts\/124391","targetHints":{"allow":["GET"]}}],"collection":[{"href":"https:\/\/mediarun.com\/pl\/wp-json\/wp\/v2\/posts"}],"about":[{"href":"https:\/\/mediarun.com\/pl\/wp-json\/wp\/v2\/types\/post"}],"author":[{"embeddable":true,"href":"https:\/\/mediarun.com\/pl\/wp-json\/wp\/v2\/users\/1"}],"replies":[{"embeddable":true,"href":"https:\/\/mediarun.com\/pl\/wp-json\/wp\/v2\/comments?post=124391"}],"version-history":[{"count":0,"href":"https:\/\/mediarun.com\/pl\/wp-json\/wp\/v2\/posts\/124391\/revisions"}],"wp:attachment":[{"href":"https:\/\/mediarun.com\/pl\/wp-json\/wp\/v2\/media?parent=124391"}],"wp:term":[{"taxonomy":"category","embeddable":true,"href":"https:\/\/mediarun.com\/pl\/wp-json\/wp\/v2\/categories?post=124391"},{"taxonomy":"post_tag","embeddable":true,"href":"https:\/\/mediarun.com\/pl\/wp-json\/wp\/v2\/tags?post=124391"}],"curies":[{"name":"wp","href":"https:\/\/api.w.org\/{rel}","templated":true}]}}