{"id":124389,"date":"2000-10-19T09:04:43","date_gmt":"2000-10-19T07:04:43","guid":{"rendered":"https:\/\/mediarun.com\/index.php\/news-posts\/braun-sklada-skarge-na-ministra-lacznosci\/"},"modified":"2000-10-19T09:04:43","modified_gmt":"2000-10-19T07:04:43","slug":"braun-sklada-skarge-na-ministra-lacznosci","status":"publish","type":"post","link":"https:\/\/mediarun.com\/pl\/media\/tv\/braun-sklada-skarge-na-ministra-lacznosci.html","title":{"rendered":"Braun sk\u0142ada skarg\u0119 na ministra \u0142\u0105czno\u015bci"},"content":{"rendered":"<p>Sprawa dotyczy cz\u0119stotliwo\u015bci, z kt\u00f3rych obecnie nadaj\u0105 Radio Zet i RMF FM, kt\u00f3rym obecne koncesje na nadawanie wygasn\u0105 na prze\u0142omie maja i czerwca 2001 roku. Bez stanowiska ministra \u0142\u0105czno\u015bci nie mo\u017cna rozpocz\u0105\u0107 procesu ponownego przyznawania koncesji.<\/p>\n<p>Juliusz Braun uwa\u017ca, \u017ce po wielu interwencjach w ministerstwie i wielu zapewnieniach z jego strony, nie otrzyma\u0142 stanowiska szefa resortu. W zwi\u0105zku z tym Braun postanowi\u0142 z\u0142o\u017cy\u0107 formaln\u0105 skarg\u0119 na bezczynno\u015b\u0107 Ministerstwa \u0141\u0105czno\u015bci u premiera.<\/p>\n<p>Wed\u0142ug ministerstwa, sprawa jest jeszcze rozpatrywana przez poszczeg\u00f3lne jego departamenty i Rada otrzyma stanowisko najp\u00f3\u017aniej do pi\u0105tku.<\/p>\n<p>W najczarniejszym scenariuszu obydwie rozg\u0142o\u015bnie b\u0119d\u0105 musia\u0142y wy\u0142\u0105czy\u0107 sw\u00f3j sygna\u0142. Jednak w takiej sytuacji Rz\u0105d b\u0119dzie musia\u0142 wyp\u0142aci\u0107 poszkodowanym poka\u017ane odszkodowania za poniesione w tym okresie straty. Specjali\u015bci twierdz\u0105 jednak, \u017ce do takiego rozwoju wypadk\u00f3w z pewno\u015bci\u0105 nie dojdzie.<\/p>\n","protected":false},"excerpt":{"rendered":"Juliusz Braun, przewodnicz\u0105cy KRRiT, z\u0142o\u017cy\u0142 do premiera skarg\u0119 na ministra \u0142\u0105czno\u015bci. Wed\u0142ug przewodnicz\u0105cego Rady, minister op\u00f3\u017ania przes\u0142anie KRRiT swojego stanowiska w sprawie projektu og\u0142osze\u0144 o cz\u0119stotliwo\u015bciach, przez co zaburza proces koncesyjny.","protected":false},"author":1,"featured_media":0,"comment_status":"open","ping_status":"closed","sticky":false,"template":"","format":"standard","meta":{"csco_display_header_overlay":false,"csco_singular_sidebar":"","csco_page_header_type":"","csco_page_load_nextpost":"","csco_post_video_location":[],"csco_post_video_location_hash":"","csco_post_video_url":"","csco_post_video_bg_start_time":0,"csco_post_video_bg_end_time":0,"footnotes":""},"categories":[9670],"tags":[],"class_list":{"0":"post-124389","1":"post","2":"type-post","3":"status-publish","4":"format-standard","6":"category-tv","7":"cs-entry","8":"cs-video-wrap"},"_links":{"self":[{"href":"https:\/\/mediarun.com\/pl\/wp-json\/wp\/v2\/posts\/124389","targetHints":{"allow":["GET"]}}],"collection":[{"href":"https:\/\/mediarun.com\/pl\/wp-json\/wp\/v2\/posts"}],"about":[{"href":"https:\/\/mediarun.com\/pl\/wp-json\/wp\/v2\/types\/post"}],"author":[{"embeddable":true,"href":"https:\/\/mediarun.com\/pl\/wp-json\/wp\/v2\/users\/1"}],"replies":[{"embeddable":true,"href":"https:\/\/mediarun.com\/pl\/wp-json\/wp\/v2\/comments?post=124389"}],"version-history":[{"count":0,"href":"https:\/\/mediarun.com\/pl\/wp-json\/wp\/v2\/posts\/124389\/revisions"}],"wp:attachment":[{"href":"https:\/\/mediarun.com\/pl\/wp-json\/wp\/v2\/media?parent=124389"}],"wp:term":[{"taxonomy":"category","embeddable":true,"href":"https:\/\/mediarun.com\/pl\/wp-json\/wp\/v2\/categories?post=124389"},{"taxonomy":"post_tag","embeddable":true,"href":"https:\/\/mediarun.com\/pl\/wp-json\/wp\/v2\/tags?post=124389"}],"curies":[{"name":"wp","href":"https:\/\/api.w.org\/{rel}","templated":true}]}}