{"id":124386,"date":"2000-10-22T20:30:23","date_gmt":"2000-10-22T18:30:23","guid":{"rendered":"https:\/\/mediarun.com\/index.php\/news-posts\/eurosport-wspolorganizuje-first-sportstar-awards\/"},"modified":"2000-10-22T20:30:23","modified_gmt":"2000-10-22T18:30:23","slug":"eurosport-wspolorganizuje-first-sportstar-awards","status":"publish","type":"post","link":"https:\/\/mediarun.com\/pl\/media\/tv\/eurosport-wspolorganizuje-first-sportstar-awards.html","title":{"rendered":"Eurosport wsp\u00f3\u0142organizuje &#8222;First SportStar Awards&#8221;"},"content":{"rendered":"<p>Pierwsz\u0105 w historii uroczysto\u015b\u0107 swoj\u0105 obecno\u015bci\u0105 zaszczyci 150 sportowc\u00f3w z Europy, Ksi\u0105\u017c\u0119 Albert z Monaco i szefowie 74 Mi\u0119dzynarodowych Federacji Sportowych. Gala ta jest organizowana we wsp\u00f3\u0142pracy z Europejskim Komitetem Olimpijskim, GAISF (Stowarzyszenie Mi\u0119dzynarodowych Federacji Sportowych) oraz AIPS (Mi\u0119dzynarodowym Stowarzyszeniem Dziennikarzy Sportowych) i Eutelsatem.<\/p>\n<p>Ide\u0105 przyznawanych nagr\u00f3d ma by\u0107 uhonorowanie osobowo\u015bci, postaci, mistrz\u00f3w, kt\u00f3rzy swoj\u0105 postaw\u0105 i przyk\u0142adem podtrzymuj\u0105 fundamentalne warto\u015bci sportu.<\/p>\n<p>Mi\u0119dzynarodowe federacje sportowe nominowa\u0142y sportowc\u00f3w w pi\u0119ciu kategoriach: sportowiec roku, debiutant roku, nagroda Fair Play, dru\u017cyna roku, trener roku.<\/p>\n<p>W sk\u0142ad jury wchodz\u0105 przedstawiciele Reutersa, SNTV, AIPS, EBU, Eurosportu oraz gazet Marca, L 'Equipe, Sportbild, Gazzetta dello Sport, a tak\u017ce sam przewodnicz\u0105cy MKOL  J.A.Samaranch.<\/p>\n<p>Statuetki zostan\u0105 przyznane w 10 kategoriach: Posta\u0107 roku (wybierana przez  Eurosport), Zawodnik roku (wybierany przez jury), Zawodniczka roku (wybierana przez jury), Debiutant roku (wybierany przez jury), Nagroda Fair Play (wyb\u00f3r przez jury), Zesp\u00f3\u0142 roku (wybierany przez jury), Trener roku (wybierany przez jury), Nagroda GAISF, Nagroda AIPS, Posta\u0107 roku wybrana przez telewidz\u00f3w.<\/p>\n<p>Podczas uroczysto\u015bci specjalnym wyr\u00f3\u017cnieniem za ca\u0142okszta\u0142t dzia\u0142a\u0144 uhonorowany zostanie J. A. Samaranch.<\/p>\n<p>Do udzia\u0142u w imprezie zaproszono r\u00f3wnie\u017c sze\u015bcioro z\u0142otych medalist\u00f3w z Polski. Sw\u00f3j udzia\u0142 w gali potwierdzili: Robert Korzeniowski, Kamila Skolimowska, Szymon Zi\u00f3\u0142kowski, Robert Sycz i Tomasz Kucharski.<\/p>\n<p>Relacj\u0119 z gali b\u0119dzie mo\u017cna obejrze\u0107 28 pa\u017adziernika o godz. 21.30 na antenie Eurosportu. Widzowie stacji mog\u0105 oddawa\u0107 g\u0142osy na swoich ulubionych sportowc\u00f3w na stronach internetowych stacji, www.eurosport.com.<\/p>\n","protected":false},"excerpt":{"rendered":"Eurosport zaprosi\u0142 wszystkich z\u0142otych medalist\u00f3w olimpijskich z Europy oraz Przewodnicz\u0105cego MKOL, Juana Antonio Samarancha, na pierwsz\u0105 uroczysto\u015b\u0107 wr\u0119czenia nagr\u00f3d dla najlepszych sportowc\u00f3w Europy. Gala odb\u0119dzie si\u0119 27 pa\u017adziernika 2000 roku w &#8222;Salle des Etoiles&#8221; w Monte Carlo.","protected":false},"author":1,"featured_media":0,"comment_status":"open","ping_status":"closed","sticky":false,"template":"","format":"standard","meta":{"csco_display_header_overlay":false,"csco_singular_sidebar":"","csco_page_header_type":"","csco_page_load_nextpost":"","csco_post_video_location":[],"csco_post_video_location_hash":"","csco_post_video_url":"","csco_post_video_bg_start_time":0,"csco_post_video_bg_end_time":0,"footnotes":""},"categories":[9670],"tags":[],"class_list":{"0":"post-124386","1":"post","2":"type-post","3":"status-publish","4":"format-standard","6":"category-tv","7":"cs-entry","8":"cs-video-wrap"},"_links":{"self":[{"href":"https:\/\/mediarun.com\/pl\/wp-json\/wp\/v2\/posts\/124386","targetHints":{"allow":["GET"]}}],"collection":[{"href":"https:\/\/mediarun.com\/pl\/wp-json\/wp\/v2\/posts"}],"about":[{"href":"https:\/\/mediarun.com\/pl\/wp-json\/wp\/v2\/types\/post"}],"author":[{"embeddable":true,"href":"https:\/\/mediarun.com\/pl\/wp-json\/wp\/v2\/users\/1"}],"replies":[{"embeddable":true,"href":"https:\/\/mediarun.com\/pl\/wp-json\/wp\/v2\/comments?post=124386"}],"version-history":[{"count":0,"href":"https:\/\/mediarun.com\/pl\/wp-json\/wp\/v2\/posts\/124386\/revisions"}],"wp:attachment":[{"href":"https:\/\/mediarun.com\/pl\/wp-json\/wp\/v2\/media?parent=124386"}],"wp:term":[{"taxonomy":"category","embeddable":true,"href":"https:\/\/mediarun.com\/pl\/wp-json\/wp\/v2\/categories?post=124386"},{"taxonomy":"post_tag","embeddable":true,"href":"https:\/\/mediarun.com\/pl\/wp-json\/wp\/v2\/tags?post=124386"}],"curies":[{"name":"wp","href":"https:\/\/api.w.org\/{rel}","templated":true}]}}