{"id":124307,"date":"2000-11-08T19:37:42","date_gmt":"2000-11-08T18:37:42","guid":{"rendered":"https:\/\/mediarun.com\/index.php\/news-posts\/amerykanskie-wybory-w-polskich-stacjach-telewizyjnych\/"},"modified":"2000-11-08T19:37:42","modified_gmt":"2000-11-08T18:37:42","slug":"amerykanskie-wybory-w-polskich-stacjach-telewizyjnych","status":"publish","type":"post","link":"https:\/\/mediarun.com\/pl\/ludzie\/wywiad\/amerykanskie-wybory-w-polskich-stacjach-telewizyjnych.html","title":{"rendered":"Ameryka\u0144skie wybory w polskich stacjach telewizyjnych"},"content":{"rendered":"<p>Przez ca\u0142\u0105 noc ogl\u0105da\u0142em na zmian\u0119 kilka transmisji telewizyjnych, relacjonuj\u0105cych t\u0105 ciekaw\u0105 i zaci\u0119t\u0105 walk\u0119 pomi\u0119dzy Georgem W. Bushem i Alem Gorem. Najciekawsz\u0105 transmisj\u0119 mia\u0142a NBC News, ciekawie wygl\u0105da\u0142a tak\u017ce relacja CNN.<\/p>\n<p>Brawa nale\u017c\u0105 si\u0119 tak\u017ce niemieckim stacjom ZDF i SAT.1, kt\u00f3re w nocy z 7 na 8 listopada stara\u0142y si\u0119 da\u0107 swoim widzom, &#8222;na \u017cywo&#8221;, z USA, dok\u0142adny obraz wydarze\u0144. Niestety na relacje z ameryka\u0144skich wybor\u00f3w nie mo\u017cna by\u0142o natrafi\u0107 w \u017cadnej z polskich stacji telewizyjnych.<\/p>\n<p>Na &#8222;Wiadomo\u015bci&#8221; w Jedynce za bardzo nie liczy\u0142em, gdy\u017c one zawsze wi\u0119kszo\u015b\u0107 zagranicznych doniesie\u0144 traktuj\u0105 z dystansem, a mimo to w swoich serwisach \u0142\u0105czy\u0142y si\u0119 z w\u0142asnym korespondentem. Na co liczy\u0142em? Na TVN i &#8222;Fakty&#8221; Tomasza Lisa.<\/p>\n<p>Program, kt\u00f3ry przez ostatnie lata skutecznie konkurowa\u0142 na rynku z ofert\u0105 informacyjn\u0105 TVP, a w przypadku wyj\u0105tkowo wa\u017cnych wydarze\u0144 stara\u0142 si\u0119 zawsze by\u0107 na miejscu, tym razem tam nie by\u0142.<\/p>\n<p>&#8222;Fakty&#8221; by\u0142y nadawane ju\u017c &#8222;na \u017cywo&#8221; z Nowego Jorku, kiedy Billowi Clintonowi grozi\u0142o odsuni\u0119cie od w\u0142adzy. By\u0142y nadawane &#8222;na \u017cywo&#8221; tak\u017ce z Jerozolimy, kiedy by\u0142 tam Jan Pawe\u0142 II i z Moskwy, kiedy Putina wybierano na prezydenta.<\/p>\n<p>Jednak tym razem &#8222;Fakty&#8221; najwidoczniej uzna\u0142y, \u017ce zaci\u0119ta walka pomi\u0119dzy dwoma kandydatami, Georgem W. Bushem i Alem Gorem, kt\u00f3r\u0105 do ko\u0144ca nie wiadomo, kto wygra, nie jest na tyle wa\u017cna, aby by\u0142o warto po\u015bwi\u0119ci\u0107 jej wi\u0119cej czasu na antenie.<\/p>\n<p>Podczas, gdy nasi s\u0105siedzi z Niemiec mieli bie\u017c\u0105ce informacje dotycz\u0105ce wydarze\u0144 w Stanach Zjednoczonych, a ZDF zainstalowa\u0142a tam nawet swoje studio, my mogli\u015bmy polega\u0107 jedynie na zagranicznych serwisach, ewentualnie na stacjach radiowych.<\/p>\n<p>Czy takie zlekcewa\u017cenie sprawy przez zamierzaj\u0105c\u0105, w I kwartale 2001 roku, uruchomi\u0107 w\u0142asny program informacyjny stacj\u0119 jest przyk\u0142adem profesjonalnego dziennikarstwa? Osoby, kt\u00f3re nie mia\u0142y dost\u0119pu do zagranicznych serwis\u00f3w, typu NBC, CNN, a chcia\u0142y \u015bledzi\u0107 to wydarzenie, nie mia\u0142y takiej szansy.<\/p>\n<p>Trudno jednak por\u00f3wnywa\u0107 polskie stacje do ameryka\u0144skich, kt\u00f3re relacjonowa\u0142y w\u0142a\u015bciwie wydarzenie w swoim w\u0142asnym kraju. Przyk\u0142ad nale\u017cy, wi\u0119c bra\u0107 z zachodnich s\u0105siad\u00f3w. TVN, tak jak np. SAT.1, powinno, cho\u0107by ze wzgl\u0119du na w\u0142asny presti\u017c, zainwestowa\u0107 w tak\u0105 relacj\u0119 lub przynajmniej w swojego specjalnego wys\u0142annika, kt\u00f3ry by\u0142by na miejscu.<\/p>\n","protected":false},"excerpt":{"rendered":"Wybory prezydenckie w Stanach Zjednoczonych to obecnie najwi\u0119ksze polityczne wydarzenie na \u015bwiecie. To tak\u017ce niebywa\u0142e wydarzenie medialne. Najwi\u0119ksze sieci telewizyjne staraj\u0105 si\u0119 pokaza\u0107 ka\u017cdy ich fragment, tak, aby widz wiedzia\u0142 na bie\u017c\u0105co, co si\u0119 dzieje.","protected":false},"author":1,"featured_media":0,"comment_status":"open","ping_status":"closed","sticky":false,"template":"","format":"standard","meta":{"csco_display_header_overlay":false,"csco_singular_sidebar":"","csco_page_header_type":"","csco_page_load_nextpost":"","csco_post_video_location":[],"csco_post_video_location_hash":"","csco_post_video_url":"","csco_post_video_bg_start_time":0,"csco_post_video_bg_end_time":0,"footnotes":""},"categories":[45],"tags":[],"class_list":{"0":"post-124307","1":"post","2":"type-post","3":"status-publish","4":"format-standard","6":"category-wywiad","7":"cs-entry","8":"cs-video-wrap"},"_links":{"self":[{"href":"https:\/\/mediarun.com\/pl\/wp-json\/wp\/v2\/posts\/124307","targetHints":{"allow":["GET"]}}],"collection":[{"href":"https:\/\/mediarun.com\/pl\/wp-json\/wp\/v2\/posts"}],"about":[{"href":"https:\/\/mediarun.com\/pl\/wp-json\/wp\/v2\/types\/post"}],"author":[{"embeddable":true,"href":"https:\/\/mediarun.com\/pl\/wp-json\/wp\/v2\/users\/1"}],"replies":[{"embeddable":true,"href":"https:\/\/mediarun.com\/pl\/wp-json\/wp\/v2\/comments?post=124307"}],"version-history":[{"count":0,"href":"https:\/\/mediarun.com\/pl\/wp-json\/wp\/v2\/posts\/124307\/revisions"}],"wp:attachment":[{"href":"https:\/\/mediarun.com\/pl\/wp-json\/wp\/v2\/media?parent=124307"}],"wp:term":[{"taxonomy":"category","embeddable":true,"href":"https:\/\/mediarun.com\/pl\/wp-json\/wp\/v2\/categories?post=124307"},{"taxonomy":"post_tag","embeddable":true,"href":"https:\/\/mediarun.com\/pl\/wp-json\/wp\/v2\/tags?post=124307"}],"curies":[{"name":"wp","href":"https:\/\/api.w.org\/{rel}","templated":true}]}}