{"id":124029,"date":"2001-01-26T11:54:03","date_gmt":"2001-01-26T10:54:03","guid":{"rendered":"https:\/\/mediarun.com\/index.php\/news-posts\/telewizja-nova-chce-uruchomic-wlasna-platforme-cyfrowa\/"},"modified":"2001-01-26T11:54:03","modified_gmt":"2001-01-26T10:54:03","slug":"telewizja-nova-chce-uruchomic-wlasna-platforme-cyfrowa","status":"publish","type":"post","link":"https:\/\/mediarun.com\/pl\/media\/tv\/telewizja-nova-chce-uruchomic-wlasna-platforme-cyfrowa.html","title":{"rendered":"Telewizja Nova chce uruchomi\u0107 w\u0142asn\u0105 platform\u0119 cyfrow\u0105"},"content":{"rendered":"<p>Zelezny odm\u00f3wi\u0142 podania nazw dw\u00f3ch firm, informuj\u0105c jedynie, \u017ce by\u0142y one zwi\u0105zane z rynkiem medialnym i telekomunikacyjnym. Jego telewizja planuje uruchomienie w\u0142asnego pakietu kana\u0142\u00f3w tematycznych.<\/p>\n<p>Niedawno Zelezny wygra\u0142 trwaj\u0105c\u0105 wiele miesi\u0119cy bitw\u0119 s\u0105dow\u0105, pomi\u0119dzy nale\u017c\u0105c\u0105 do niego CET 21, a ameryka\u0144sk\u0105 CME, o to, kto ma kontrol\u0119 nad czesk\u0105 stacj\u0105 telewizyjn\u0105 Nova.<\/p>\n<p>Szef czeskiej stacji zapowiedzia\u0142, \u017ce nowy partner zostanie wybrany do 1. marca, nie wykluczy\u0142 jednak, \u017ce mo\u017ce to mie\u0107 miejsce nieco wcze\u015bniej lub nieco p\u00f3\u017aniej, je\u017celi rozmowy si\u0119 przed\u0142u\u017c\u0105.<\/p>\n<p>&#8211; Oferujemy 34 proc. udzia\u0142\u00f3w w naszej grupie &#8211; powiedzia\u0142 Vladimir Zelezny. &#8211; Nowy partner powinien wnie\u015b\u0107 przede wszystkim tzw. &#8222;know how&#8221; w dziedzinie medi\u00f3w i telekomunikacji i dodatkowe fundusze, gdy\u017c CET 21 nie b\u0119dzie sam w stanie tego sfinansowa\u0107.<\/p>\n<p>Zelezny nie poda\u0142 \u017c\u0105dnych szczeg\u00f3\u0142\u00f3w finansowych przedsi\u0119wzi\u0119cia. Wed\u0142ug niego jego platforma powinna w pe\u0142ni ruszy\u0107 w ci\u0105gu najbli\u017cszych siedmiu lat, w postaci p\u0142atnych kana\u0142\u00f3w tematycznych.<\/p>\n<p>&#8211; Rynek reklamowy wymaga zmian i sprecyzowania grupy docelowej. Oznacza to, \u017ce je\u017celi uruchomimy 5. nowych kana\u0142\u00f3w, rynek nie wzro\u015bnie 5-krotnie. Dlatego chcemy ka\u017cdy z naszych nowych program\u00f3w kierowa\u0107 na odpowiedni\u0105 grup\u0119 &#8211; m\u00f3wi Zelezny.<\/p>\n","protected":false},"excerpt":{"rendered":"Szef najwi\u0119kszej czeskiej telewizji komercyjnej Nova, Vladimir Zelezny, powiedzia\u0142 na czwartkowej konferencji prasowej, \u017ce prowadzi\u0142 rozmowy z dwoma potencjalnymi inwestorami, kt\u00f3rzy pomogliby stacji w uruchomieniu w\u0142asnego przekazu cyfrowego. Nie wykluczone, \u017ce powstanie druga, po UPC Direct, czeska platforma cyfrowa.","protected":false},"author":1,"featured_media":0,"comment_status":"open","ping_status":"closed","sticky":false,"template":"","format":"standard","meta":{"csco_display_header_overlay":false,"csco_singular_sidebar":"","csco_page_header_type":"","csco_page_load_nextpost":"","csco_post_video_location":[],"csco_post_video_location_hash":"","csco_post_video_url":"","csco_post_video_bg_start_time":0,"csco_post_video_bg_end_time":0,"footnotes":""},"categories":[9670],"tags":[],"class_list":{"0":"post-124029","1":"post","2":"type-post","3":"status-publish","4":"format-standard","6":"category-tv","7":"cs-entry","8":"cs-video-wrap"},"_links":{"self":[{"href":"https:\/\/mediarun.com\/pl\/wp-json\/wp\/v2\/posts\/124029","targetHints":{"allow":["GET"]}}],"collection":[{"href":"https:\/\/mediarun.com\/pl\/wp-json\/wp\/v2\/posts"}],"about":[{"href":"https:\/\/mediarun.com\/pl\/wp-json\/wp\/v2\/types\/post"}],"author":[{"embeddable":true,"href":"https:\/\/mediarun.com\/pl\/wp-json\/wp\/v2\/users\/1"}],"replies":[{"embeddable":true,"href":"https:\/\/mediarun.com\/pl\/wp-json\/wp\/v2\/comments?post=124029"}],"version-history":[{"count":0,"href":"https:\/\/mediarun.com\/pl\/wp-json\/wp\/v2\/posts\/124029\/revisions"}],"wp:attachment":[{"href":"https:\/\/mediarun.com\/pl\/wp-json\/wp\/v2\/media?parent=124029"}],"wp:term":[{"taxonomy":"category","embeddable":true,"href":"https:\/\/mediarun.com\/pl\/wp-json\/wp\/v2\/categories?post=124029"},{"taxonomy":"post_tag","embeddable":true,"href":"https:\/\/mediarun.com\/pl\/wp-json\/wp\/v2\/tags?post=124029"}],"curies":[{"name":"wp","href":"https:\/\/api.w.org\/{rel}","templated":true}]}}