{"id":123568,"date":"2001-04-19T01:22:00","date_gmt":"2001-04-18T23:22:00","guid":{"rendered":"https:\/\/mediarun.com\/index.php\/news-posts\/klopoty-finansowe-tvp-s-a\/"},"modified":"2001-04-19T01:22:00","modified_gmt":"2001-04-18T23:22:00","slug":"klopoty-finansowe-tvp-s-a","status":"publish","type":"post","link":"https:\/\/mediarun.com\/pl\/media\/tv\/klopoty-finansowe-tvp-s-a.html","title":{"rendered":"K\u0142opoty finansowe TVP S.A."},"content":{"rendered":"<p>G\u0142\u00f3wna przyczyn\u0105 s\u0105 oczywi\u015bcie k\u0142opoty finansowe. TVP. Zwi\u0105zki zawodowe uwa\u017caj\u0105, \u017ce wszystko jest wina nieudolnego zarz\u0105du. Zwi\u0105zki zawodowe obawiaj\u0105 si\u0119 zwolnie\u0144 grupowych, pomimo, \u017ce zarz\u0105d zapewnia, i\u017c takich nie b\u0119dzie. Jednak mo\u017cliwe s\u0105 zwolnienia indywidualne. W ten spos\u00f3b jednorazowa mo\u017cna zwolni\u0107 z obowi\u0105zku \u015bwiadczenia pracy prawie sto os\u00f3b. <\/p>\n<p>\nJanusz Cieliszak rzecznik prasowy TVP uwa\u017ca, \u017ce jedn\u0105 z g\u0142\u00f3wnych przyczyn k\u0142opot\u00f3w s\u0105 mniejsze wp\u0142ywy z abonamentu. W zesz\u0142ym roku by\u0142o to, o 50 milion\u00f3w z\u0142otych mniej ni\u017c przewidywano. Wed\u0142ug niego zwolnienia przynios\u0105 30 milion\u00f3w oszcz\u0119dno\u015bci.<\/p>\n<p>\nZwi\u0105zkowcy uwa\u017caj\u0105, \u017ce problemy finansowe bior\u0105 si\u0119 z rozrzutno\u015bci. M\u00f3wi\u0105, \u017ce z jednej strony zwalnia si\u0119 pracownik\u00f3w a z drugiej p\u0142aci si\u0119 krocie za wyjazdy zagraniczne, imprezy integracyjne, sponsoring nie przynosz\u0105cy \u017cadnych wymiernych korzy\u015bci oraz budow\u0119 nowych biurowc\u00f3w.<\/p>\n<p>\nWed\u0142ug zwi\u0105zkowc\u00f3w, do telewizji powinna wkroczy\u0107 jak najszybciej NIK, by zbada\u0107 jej kondycj\u0119 finansow\u0105.<\/p>\n<p>\n<a target=\"_blank\" href=\"http:\/\/www.tvp.com.pl\" rel=\"noopener\">TVP<\/a><\/p>\n","protected":false},"excerpt":{"rendered":"Zarz\u0105d Telewizji Polskiej S.A. chce wprowadzi\u0107 rewolucyjne zmiany w sposobie funkcjonowania firmy. Obni\u017cenie honorari\u00f3w dziennikarzom a\u017c o po\u0142ow\u0119, zdj\u0119cie z anteny niekt\u00f3rych program\u00f3w oraz wstrzymanie produkcji w oddzia\u0142ach terenowych to g\u0142\u00f3wne za\u0142o\u017cenia nowego planu.","protected":false},"author":1,"featured_media":0,"comment_status":"open","ping_status":"closed","sticky":false,"template":"","format":"standard","meta":{"csco_display_header_overlay":false,"csco_singular_sidebar":"","csco_page_header_type":"","csco_page_load_nextpost":"","csco_post_video_location":[],"csco_post_video_location_hash":"","csco_post_video_url":"","csco_post_video_bg_start_time":0,"csco_post_video_bg_end_time":0,"footnotes":""},"categories":[9670],"tags":[],"class_list":{"0":"post-123568","1":"post","2":"type-post","3":"status-publish","4":"format-standard","6":"category-tv","7":"cs-entry","8":"cs-video-wrap"},"_links":{"self":[{"href":"https:\/\/mediarun.com\/pl\/wp-json\/wp\/v2\/posts\/123568","targetHints":{"allow":["GET"]}}],"collection":[{"href":"https:\/\/mediarun.com\/pl\/wp-json\/wp\/v2\/posts"}],"about":[{"href":"https:\/\/mediarun.com\/pl\/wp-json\/wp\/v2\/types\/post"}],"author":[{"embeddable":true,"href":"https:\/\/mediarun.com\/pl\/wp-json\/wp\/v2\/users\/1"}],"replies":[{"embeddable":true,"href":"https:\/\/mediarun.com\/pl\/wp-json\/wp\/v2\/comments?post=123568"}],"version-history":[{"count":0,"href":"https:\/\/mediarun.com\/pl\/wp-json\/wp\/v2\/posts\/123568\/revisions"}],"wp:attachment":[{"href":"https:\/\/mediarun.com\/pl\/wp-json\/wp\/v2\/media?parent=123568"}],"wp:term":[{"taxonomy":"category","embeddable":true,"href":"https:\/\/mediarun.com\/pl\/wp-json\/wp\/v2\/categories?post=123568"},{"taxonomy":"post_tag","embeddable":true,"href":"https:\/\/mediarun.com\/pl\/wp-json\/wp\/v2\/tags?post=123568"}],"curies":[{"name":"wp","href":"https:\/\/api.w.org\/{rel}","templated":true}]}}