{"id":123530,"date":"2001-04-24T00:00:00","date_gmt":"2001-04-23T22:00:00","guid":{"rendered":"https:\/\/mediarun.com\/index.php\/news-posts\/modlinska-z-gj\/"},"modified":"2001-04-24T00:00:00","modified_gmt":"2001-04-23T22:00:00","slug":"modlinska-z-gj","status":"publish","type":"post","link":"https:\/\/mediarun.com\/pl\/media\/prasa\/modlinska-z-gj.html","title":{"rendered":"Modli\u0144ska z G+J"},"content":{"rendered":"<p>Modli\u0144ska b\u0119dzie zajmowa\u0107 si\u0119 opracowywaniem koncepcji dla segmentu pism o znanych ludziach. <\/p>\n<p>\nDecyzje o zatrudnieniu Alicji Resich-Modli\u0144skiej podj\u0105\u0142 nowo-powo\u0142any prezes G+J Polska Oliver Voigt.<\/p>\n<p>\n","protected":false},"excerpt":{"rendered":"Alicja Resich Modli\u0144ska zamierza podj\u0105\u0107 wsp\u00f3\u0142prac\u0119 z niemieckim wydawnictwem Gr\u00fcner und Jahr Polska.","protected":false},"author":1,"featured_media":0,"comment_status":"open","ping_status":"closed","sticky":false,"template":"","format":"standard","meta":{"csco_display_header_overlay":false,"csco_singular_sidebar":"","csco_page_header_type":"","csco_page_load_nextpost":"","csco_post_video_location":[],"csco_post_video_location_hash":"","csco_post_video_url":"","csco_post_video_bg_start_time":0,"csco_post_video_bg_end_time":0,"footnotes":""},"categories":[9673],"tags":[],"class_list":{"0":"post-123530","1":"post","2":"type-post","3":"status-publish","4":"format-standard","6":"category-prasa","7":"cs-entry","8":"cs-video-wrap"},"_links":{"self":[{"href":"https:\/\/mediarun.com\/pl\/wp-json\/wp\/v2\/posts\/123530","targetHints":{"allow":["GET"]}}],"collection":[{"href":"https:\/\/mediarun.com\/pl\/wp-json\/wp\/v2\/posts"}],"about":[{"href":"https:\/\/mediarun.com\/pl\/wp-json\/wp\/v2\/types\/post"}],"author":[{"embeddable":true,"href":"https:\/\/mediarun.com\/pl\/wp-json\/wp\/v2\/users\/1"}],"replies":[{"embeddable":true,"href":"https:\/\/mediarun.com\/pl\/wp-json\/wp\/v2\/comments?post=123530"}],"version-history":[{"count":0,"href":"https:\/\/mediarun.com\/pl\/wp-json\/wp\/v2\/posts\/123530\/revisions"}],"wp:attachment":[{"href":"https:\/\/mediarun.com\/pl\/wp-json\/wp\/v2\/media?parent=123530"}],"wp:term":[{"taxonomy":"category","embeddable":true,"href":"https:\/\/mediarun.com\/pl\/wp-json\/wp\/v2\/categories?post=123530"},{"taxonomy":"post_tag","embeddable":true,"href":"https:\/\/mediarun.com\/pl\/wp-json\/wp\/v2\/tags?post=123530"}],"curies":[{"name":"wp","href":"https:\/\/api.w.org\/{rel}","templated":true}]}}