{"id":12311,"date":"2011-09-26T20:26:05","date_gmt":"2011-09-26T18:26:05","guid":{"rendered":"https:\/\/mediarun.com\/index.php\/news-posts\/radio-wawa-odswieza-oprawe-dzwiekowa\/"},"modified":"2011-09-26T20:26:05","modified_gmt":"2011-09-26T18:26:05","slug":"radio-wawa-odswieza-oprawe-dzwiekowa","status":"publish","type":"post","link":"https:\/\/mediarun.com\/pl\/media\/radio\/radio-wawa-odswieza-oprawe-dzwiekowa.html","title":{"rendered":"Radio Wawa od\u015bwie\u017ca opraw\u0119 d\u017awi\u0119kow\u0105"},"content":{"rendered":"<p>D\u017cingle i podk\u0142ady do wszystkich element&oacute;w programowych przygotowa\u0142a dla Radia Wawa firma ReelWorld. Za\u015bpiewa\u0142a w nich Kasia Wilk, polska wokalistka znana z charakterystycznego, mocnego g\u0142osu. Partie wokalne zosta\u0142y nagrane w studiu ReelWorld w Amsterdamie, a ko\u0144cowy mastering zrealizowano w ameryka\u0144skim studiu tej firmy w Seatlle.<\/p>\n<p>Bez zmian pozostaje g\u0142&oacute;wny liner stacji &#8222;Radio Wawa &#8211; Zawsze Polska Muzyka&#8221;. Lektorem Radia Wawa tak\u017ce niezmiennie jest Grzegorz Pawlak.<\/p>\n","protected":false},"excerpt":{"rendered":"Od 27 wrze\u015bnia Radio Wawa wprowadza zmiany do oprawy d\u017awi\u0119kowej. Na antenie pojawi\u0105 si\u0119 nowe d\u017cingle, podk\u0142ady i oprawa wiadomo\u015bci.","protected":false},"author":1,"featured_media":12312,"comment_status":"open","ping_status":"closed","sticky":false,"template":"","format":"standard","meta":{"csco_display_header_overlay":false,"csco_singular_sidebar":"","csco_page_header_type":"","csco_page_load_nextpost":"","csco_post_video_location":[],"csco_post_video_location_hash":"","csco_post_video_url":"","csco_post_video_bg_start_time":0,"csco_post_video_bg_end_time":0,"footnotes":""},"categories":[9672],"tags":[],"class_list":{"0":"post-12311","1":"post","2":"type-post","3":"status-publish","4":"format-standard","5":"has-post-thumbnail","7":"category-radio","8":"cs-entry","9":"cs-video-wrap"},"_links":{"self":[{"href":"https:\/\/mediarun.com\/pl\/wp-json\/wp\/v2\/posts\/12311","targetHints":{"allow":["GET"]}}],"collection":[{"href":"https:\/\/mediarun.com\/pl\/wp-json\/wp\/v2\/posts"}],"about":[{"href":"https:\/\/mediarun.com\/pl\/wp-json\/wp\/v2\/types\/post"}],"author":[{"embeddable":true,"href":"https:\/\/mediarun.com\/pl\/wp-json\/wp\/v2\/users\/1"}],"replies":[{"embeddable":true,"href":"https:\/\/mediarun.com\/pl\/wp-json\/wp\/v2\/comments?post=12311"}],"version-history":[{"count":0,"href":"https:\/\/mediarun.com\/pl\/wp-json\/wp\/v2\/posts\/12311\/revisions"}],"wp:featuredmedia":[{"embeddable":true,"href":"https:\/\/mediarun.com\/pl\/wp-json\/wp\/v2\/media\/12312"}],"wp:attachment":[{"href":"https:\/\/mediarun.com\/pl\/wp-json\/wp\/v2\/media?parent=12311"}],"wp:term":[{"taxonomy":"category","embeddable":true,"href":"https:\/\/mediarun.com\/pl\/wp-json\/wp\/v2\/categories?post=12311"},{"taxonomy":"post_tag","embeddable":true,"href":"https:\/\/mediarun.com\/pl\/wp-json\/wp\/v2\/tags?post=12311"}],"curies":[{"name":"wp","href":"https:\/\/api.w.org\/{rel}","templated":true}]}}