{"id":12057,"date":"2011-10-04T20:26:40","date_gmt":"2011-10-04T18:26:40","guid":{"rendered":"https:\/\/mediarun.com\/index.php\/news-posts\/ultraszybki-internet-i-platforma-horizon-w-upc\/"},"modified":"2011-10-04T20:26:40","modified_gmt":"2011-10-04T18:26:40","slug":"ultraszybki-internet-i-platforma-horizon-w-upc","status":"publish","type":"post","link":"https:\/\/mediarun.com\/pl\/media\/tv\/ultraszybki-internet-i-platforma-horizon-w-upc.html","title":{"rendered":"Ultraszybki internet i platforma &#8222;Horizon&#8221; w UPC"},"content":{"rendered":"<p>Wst\u0119pna umowa mi\u0119dzy Liberty Global, sp&oacute;\u0142k\u0105 matk\u0105 UPC Polska, oraz Mid Europa Partners, w\u0142a\u015bcicielem Aster zosta\u0142a podpisana 5 grudnia 2010 r. 16 wrze\u015bnia br. UPC dokona\u0142o od Mid Europa Partners 100 proc. akcji Aster. Jednocze\u015bnie zosta\u0142 powo\u0142any nowy zarz\u0105d sp&oacute;\u0142ki.<\/p>\n<p>Po przej\u0119ciu Aster przez UPC powstanie sie\u0107 kablowa licz\u0105ca ok. 1,5 mln abonent&oacute;w i swoim zasi\u0119giem obejmuj\u0105ca 2,5 mln gospodarstw domowych. Zgodnie z decyzj\u0105 UOKiK z cz\u0119\u015bci u\u017cytkownik&oacute;w nowopowsta\u0142ej sieci UPC b\u0119dzie musia\u0142 zrezygnowa\u0107 i w ci\u0105gu p&oacute;\u0142tora roku od decyzji urz\u0119du znale\u017a\u0107 nabywc\u0119 na sie\u0107 Aster w miejscach, gdzie obie sieci si\u0119 pokrywaj\u0105.<\/p>\n<p>Rozpocz\u0119ta przez UPC Polska konsolidacja polskiego rynku kablowego ma stworzy\u0107 lepsze proporcje rynkowej rywalizacji, daj\u0105c klientom pe\u0142niejsz\u0105 mo\u017cliwo\u015b\u0107 wyboru dostawcy us\u0142ug telekomunikacyjnych.<\/p>\n<p>Struktury oraz bazy klient&oacute;w obu firm zostan\u0105 zintegrowane. Przewa\u017caj\u0105ca cz\u0119\u015b\u0107 integracji w tym prawna, organizacyjna oraz cz\u0119\u015bciowy proces \u0142\u0105czenia infrastruktury b\u0119dzie mia\u0142 miejsce w roku 2012. Prawne po\u0142\u0105czenie Aster i UPC Polska nast\u0105pi w pierwszym kwartale 2012 roku. Powstanie w&oacute;wczas jedna organizacja UPC Polska, a klienci Aster stan\u0105 si\u0119 klientami UPC, kt&oacute;re wst\u0105pi we wszystkie wynikaj\u0105ce z um&oacute;w obowi\u0105zki i prawa Aster.<\/p>\n<p>Niebawem UPC rozpocznie testy konsumenckie internetu o pr\u0119dko\u015bci 250 MB\/s. Operator deklaruje r&oacute;wnie\u017c, \u017ce polscy abonenci b\u0119d\u0105 mogli korzysta\u0107 z telewizyjnej platformy nowej generacji &#8222;Horizon&#8221; integruj\u0105cej dost\u0119p do tre\u015bci telewizyjnych, internetowych oraz prywatnych plik&oacute;w u\u017cytkownika.<\/p>\n","protected":false},"excerpt":{"rendered":"Po sfinalizowaniu transakcji zakupu sieci kablowej Aster UPC Polska zdradza szczeg&oacute;\u0142y umowy oraz zapowiada nowe us\u0142ugi.","protected":false},"author":1,"featured_media":12058,"comment_status":"open","ping_status":"closed","sticky":false,"template":"","format":"standard","meta":{"csco_display_header_overlay":false,"csco_singular_sidebar":"","csco_page_header_type":"","csco_page_load_nextpost":"","csco_post_video_location":[],"csco_post_video_location_hash":"","csco_post_video_url":"","csco_post_video_bg_start_time":0,"csco_post_video_bg_end_time":0,"footnotes":""},"categories":[9670],"tags":[],"class_list":{"0":"post-12057","1":"post","2":"type-post","3":"status-publish","4":"format-standard","5":"has-post-thumbnail","7":"category-tv","8":"cs-entry","9":"cs-video-wrap"},"_links":{"self":[{"href":"https:\/\/mediarun.com\/pl\/wp-json\/wp\/v2\/posts\/12057","targetHints":{"allow":["GET"]}}],"collection":[{"href":"https:\/\/mediarun.com\/pl\/wp-json\/wp\/v2\/posts"}],"about":[{"href":"https:\/\/mediarun.com\/pl\/wp-json\/wp\/v2\/types\/post"}],"author":[{"embeddable":true,"href":"https:\/\/mediarun.com\/pl\/wp-json\/wp\/v2\/users\/1"}],"replies":[{"embeddable":true,"href":"https:\/\/mediarun.com\/pl\/wp-json\/wp\/v2\/comments?post=12057"}],"version-history":[{"count":0,"href":"https:\/\/mediarun.com\/pl\/wp-json\/wp\/v2\/posts\/12057\/revisions"}],"wp:featuredmedia":[{"embeddable":true,"href":"https:\/\/mediarun.com\/pl\/wp-json\/wp\/v2\/media\/12058"}],"wp:attachment":[{"href":"https:\/\/mediarun.com\/pl\/wp-json\/wp\/v2\/media?parent=12057"}],"wp:term":[{"taxonomy":"category","embeddable":true,"href":"https:\/\/mediarun.com\/pl\/wp-json\/wp\/v2\/categories?post=12057"},{"taxonomy":"post_tag","embeddable":true,"href":"https:\/\/mediarun.com\/pl\/wp-json\/wp\/v2\/tags?post=12057"}],"curies":[{"name":"wp","href":"https:\/\/api.w.org\/{rel}","templated":true}]}}