{"id":12053,"date":"2011-10-04T20:58:03","date_gmt":"2011-10-04T18:58:03","guid":{"rendered":"https:\/\/mediarun.com\/index.php\/news-posts\/rmf-fm-zaprasza-na-radiowy-wieczor-wyborczy\/"},"modified":"2011-10-04T20:58:03","modified_gmt":"2011-10-04T18:58:03","slug":"rmf-fm-zaprasza-na-radiowy-wieczor-wyborczy","status":"publish","type":"post","link":"https:\/\/mediarun.com\/pl\/media\/radio\/rmf-fm-zaprasza-na-radiowy-wieczor-wyborczy.html","title":{"rendered":"RMF FM zaprasza na radiowy wiecz\u00f3r wyborczy"},"content":{"rendered":"<p>Prowadz\u0105 go Micha\u0142 Kowalewski z Micha\u0142em Zieli\u0144skim. Reporterzy RMF FM pojawi\u0105 si\u0119 w sztabach wszystkich wa\u017cnych komitet&oacute;w wyborczych (PO, PIS, SLD, PSL, RPP, PJN). Nie zabraknie r&oacute;wnie\u017c komentarzy z zagranicy. Wyniki na bie\u017c\u0105co komentowane b\u0119d\u0105 przez go\u015bci z poszczeg&oacute;lnych sztab&oacute;w.<\/p>\n<p>Publicystyka b\u0119dzie prowadzona przez Tomasza Skorego w studiu RMF FM w Warszawie oraz przez Konrada Piaseckiego i Agnieszk\u0119 Burzy\u0144sk\u0105 ze sztab&oacute;w najwa\u017cniejszych partii (PO i PIS).<\/p>\n","protected":false},"excerpt":{"rendered":"Specjalny program po\u015bwi\u0119cony wyborom w rozg\u0142o\u015bni RMF FM b\u0119dzie trwa\u0142 od godz. 21.00 do godz. 23.10.","protected":false},"author":1,"featured_media":12054,"comment_status":"open","ping_status":"closed","sticky":false,"template":"","format":"standard","meta":{"csco_display_header_overlay":false,"csco_singular_sidebar":"","csco_page_header_type":"","csco_page_load_nextpost":"","csco_post_video_location":[],"csco_post_video_location_hash":"","csco_post_video_url":"","csco_post_video_bg_start_time":0,"csco_post_video_bg_end_time":0,"footnotes":""},"categories":[9672],"tags":[298],"class_list":{"0":"post-12053","1":"post","2":"type-post","3":"status-publish","4":"format-standard","5":"has-post-thumbnail","7":"category-radio","8":"tag-rmf-fm","9":"cs-entry","10":"cs-video-wrap"},"_links":{"self":[{"href":"https:\/\/mediarun.com\/pl\/wp-json\/wp\/v2\/posts\/12053","targetHints":{"allow":["GET"]}}],"collection":[{"href":"https:\/\/mediarun.com\/pl\/wp-json\/wp\/v2\/posts"}],"about":[{"href":"https:\/\/mediarun.com\/pl\/wp-json\/wp\/v2\/types\/post"}],"author":[{"embeddable":true,"href":"https:\/\/mediarun.com\/pl\/wp-json\/wp\/v2\/users\/1"}],"replies":[{"embeddable":true,"href":"https:\/\/mediarun.com\/pl\/wp-json\/wp\/v2\/comments?post=12053"}],"version-history":[{"count":0,"href":"https:\/\/mediarun.com\/pl\/wp-json\/wp\/v2\/posts\/12053\/revisions"}],"wp:featuredmedia":[{"embeddable":true,"href":"https:\/\/mediarun.com\/pl\/wp-json\/wp\/v2\/media\/12054"}],"wp:attachment":[{"href":"https:\/\/mediarun.com\/pl\/wp-json\/wp\/v2\/media?parent=12053"}],"wp:term":[{"taxonomy":"category","embeddable":true,"href":"https:\/\/mediarun.com\/pl\/wp-json\/wp\/v2\/categories?post=12053"},{"taxonomy":"post_tag","embeddable":true,"href":"https:\/\/mediarun.com\/pl\/wp-json\/wp\/v2\/tags?post=12053"}],"curies":[{"name":"wp","href":"https:\/\/api.w.org\/{rel}","templated":true}]}}