{"id":12051,"date":"2011-10-04T21:03:58","date_gmt":"2011-10-04T19:03:58","guid":{"rendered":"https:\/\/mediarun.com\/index.php\/news-posts\/mecze-polski-z-korea-poludniowa-i-bialorusia-na-zywo-w-tvp\/"},"modified":"2011-10-04T21:03:58","modified_gmt":"2011-10-04T19:03:58","slug":"mecze-polski-z-korea-poludniowa-i-bialorusia-na-zywo-w-tvp","status":"publish","type":"post","link":"https:\/\/mediarun.com\/pl\/media\/tv\/mecze-polski-z-korea-poludniowa-i-bialorusia-na-zywo-w-tvp.html","title":{"rendered":"Mecze Polski z Kore\u0105 Po\u0142udniow\u0105 i Bia\u0142orusi\u0105 na \u017cywo w TVP"},"content":{"rendered":"<p>Selekcjoner Franciszek Smuda powo\u0142a\u0142 na spotkanie wszystkich najlepszych pi\u0142karzy z wyj\u0105tkiem kontuzjowanych: Wojciecha Szcz\u0119snego, Arkadiusza G\u0142owackiego, \u0141ukasza Piszczka (by\u0107 mo\u017ce zagra w meczu z Bia\u0142orusi\u0105) i Ludovica Obraniaka.<\/p>\n<p>W kadrze znalaz\u0142 si\u0119 m.in. Robert Lewandowski, kt&oacute;ry w ostatnim meczu Borussi Dortmund strzeli\u0142 swojego pierwszego hat-tricka w Bundeslidze. Do sk\u0142adu powraca tak\u017ce rezerwowy bramkarz Arsenalu Londyn \u0141ukasz Fabia\u0144ski.<\/p>\n<p>11 pa\u017adziernika TVP Sport poka\u017ce na \u017cywo (godz. 18.50) tak\u017ce spotkanie eliminacyjne do Euro 2012: Niemcy &#8211; Belgia. Nasi zachodni s\u0105siedzi maj\u0105 ju\u017c co prawda zapewniony awans do mistrzostw Europy, ale trener Joachim Loew zapowiada, \u017ce chc\u0105 pozosta\u0107 niepokonani w tych eliminacjach. Dlatego powo\u0142a\u0142 na mecz wszystkich najlepszych pi\u0142karzy: Mesuta Oezila, Thomasa Muellera czy Miroslawa Klosego.<\/p>\n<p>Mecz Polska &#8211; Korea Po\u0142udniowa skomentuj\u0105 ze studia w Warszawie Micha\u0142 Zawacki oraz by\u0142y reprezentant Polski Marcin \u017bew\u0142akow. Studio poprowadzi Dariusz Szpakowski.<\/p>\n<p>Spotkanie z Bia\u0142orusi\u0105 skomentuje Maciej Iwa\u0144ski z Wiesbaden, gdzie b\u0119dzie tak\u017ce reporter TVP Sport, Szymon Borczuch. Studio w Warszawie poprowadzi Jacek Kurowski. Mecz Niemcy &#8211; Belgia komentowa\u0107 b\u0119dzie natomiast Tomasz Jasina.<\/p>\n","protected":false},"excerpt":{"rendered":"Transmisje spotka\u0144 reprezentacji Polski z Kore\u0105 Po\u0142udniow\u0105 i Bia\u0142orusi\u0105 7 i 11 pa\u017adziernika b\u0119dzie mo\u017cna ogl\u0105da\u0107 w TVP 1, TVP Sport i na stronie Sport.tvp.pl.","protected":false},"author":1,"featured_media":12052,"comment_status":"open","ping_status":"closed","sticky":false,"template":"","format":"standard","meta":{"csco_display_header_overlay":false,"csco_singular_sidebar":"","csco_page_header_type":"","csco_page_load_nextpost":"","csco_post_video_location":[],"csco_post_video_location_hash":"","csco_post_video_url":"","csco_post_video_bg_start_time":0,"csco_post_video_bg_end_time":0,"footnotes":""},"categories":[9670],"tags":[392],"class_list":{"0":"post-12051","1":"post","2":"type-post","3":"status-publish","4":"format-standard","5":"has-post-thumbnail","7":"category-tv","8":"tag-tvp","9":"cs-entry","10":"cs-video-wrap"},"_links":{"self":[{"href":"https:\/\/mediarun.com\/pl\/wp-json\/wp\/v2\/posts\/12051","targetHints":{"allow":["GET"]}}],"collection":[{"href":"https:\/\/mediarun.com\/pl\/wp-json\/wp\/v2\/posts"}],"about":[{"href":"https:\/\/mediarun.com\/pl\/wp-json\/wp\/v2\/types\/post"}],"author":[{"embeddable":true,"href":"https:\/\/mediarun.com\/pl\/wp-json\/wp\/v2\/users\/1"}],"replies":[{"embeddable":true,"href":"https:\/\/mediarun.com\/pl\/wp-json\/wp\/v2\/comments?post=12051"}],"version-history":[{"count":0,"href":"https:\/\/mediarun.com\/pl\/wp-json\/wp\/v2\/posts\/12051\/revisions"}],"wp:featuredmedia":[{"embeddable":true,"href":"https:\/\/mediarun.com\/pl\/wp-json\/wp\/v2\/media\/12052"}],"wp:attachment":[{"href":"https:\/\/mediarun.com\/pl\/wp-json\/wp\/v2\/media?parent=12051"}],"wp:term":[{"taxonomy":"category","embeddable":true,"href":"https:\/\/mediarun.com\/pl\/wp-json\/wp\/v2\/categories?post=12051"},{"taxonomy":"post_tag","embeddable":true,"href":"https:\/\/mediarun.com\/pl\/wp-json\/wp\/v2\/tags?post=12051"}],"curies":[{"name":"wp","href":"https:\/\/api.w.org\/{rel}","templated":true}]}}