{"id":12013,"date":"2011-10-05T16:37:47","date_gmt":"2011-10-05T14:37:47","guid":{"rendered":"https:\/\/mediarun.com\/index.php\/news-posts\/wieczor-wyborczy-takze-w-radiu-dla-ciebie\/"},"modified":"2011-10-05T16:37:47","modified_gmt":"2011-10-05T14:37:47","slug":"wieczor-wyborczy-takze-w-radiu-dla-ciebie","status":"publish","type":"post","link":"https:\/\/mediarun.com\/pl\/media\/radio\/wieczor-wyborczy-takze-w-radiu-dla-ciebie.html","title":{"rendered":"Wiecz\u00f3r wyborczy tak\u017ce w Radiu dla Ciebie"},"content":{"rendered":"<p>Program rozpocznie si\u0119 o godz. 21.00 i potrwa do 23.00. Poprowadz\u0105 go Piotr Pilewski i Agnieszka P\u0119dzik.<\/p>\n<p>W czasie audycji nadawanej ze studia RDC &#8222;Radio dla Ciebie&#8221; w Warszawie uruchomione zostan\u0105 tak\u017ce studia wyborcze w Radomiu, P\u0142ocku i Siedlcach. Podczas wieczoru s\u0142uchacze dowiedz\u0105 si\u0119 m.in. jak g\u0142osowali mieszka\u0144cy Mazowsza. Zaprezentowane zostan\u0105 pierwsze wyniki sonda\u017cowe oraz komentarze dziennikarzy, socjolog&oacute;w, politolog&oacute;w i polityk&oacute;w.<\/p>\n<p>W zwi\u0105zku z audycj\u0105 specjaln\u0105 nast\u0105pi\u0105 zmiany w przewidzianym ram&oacute;wk\u0105 programie. &#8222;Extralista&#8221; zostanie skr&oacute;cona (19.00-21.00), a &#8222;Wiecz&oacute;r Prawie Poniedzielski&#8221; nie pojawi si\u0119 w tym dniu na antenie.<\/p>\n","protected":false},"excerpt":{"rendered":"W niedziel\u0119, 9 pa\u017adziernika br. RDC &#8222;Radio dla Ciebie&#8221; wyemituje specjalny wiecz&oacute;r wyborczy.","protected":false},"author":1,"featured_media":12014,"comment_status":"open","ping_status":"closed","sticky":false,"template":"","format":"standard","meta":{"csco_display_header_overlay":false,"csco_singular_sidebar":"","csco_page_header_type":"","csco_page_load_nextpost":"","csco_post_video_location":[],"csco_post_video_location_hash":"","csco_post_video_url":"","csco_post_video_bg_start_time":0,"csco_post_video_bg_end_time":0,"footnotes":""},"categories":[9672],"tags":[1134],"class_list":{"0":"post-12013","1":"post","2":"type-post","3":"status-publish","4":"format-standard","5":"has-post-thumbnail","7":"category-radio","8":"tag-rdc","9":"cs-entry","10":"cs-video-wrap"},"_links":{"self":[{"href":"https:\/\/mediarun.com\/pl\/wp-json\/wp\/v2\/posts\/12013","targetHints":{"allow":["GET"]}}],"collection":[{"href":"https:\/\/mediarun.com\/pl\/wp-json\/wp\/v2\/posts"}],"about":[{"href":"https:\/\/mediarun.com\/pl\/wp-json\/wp\/v2\/types\/post"}],"author":[{"embeddable":true,"href":"https:\/\/mediarun.com\/pl\/wp-json\/wp\/v2\/users\/1"}],"replies":[{"embeddable":true,"href":"https:\/\/mediarun.com\/pl\/wp-json\/wp\/v2\/comments?post=12013"}],"version-history":[{"count":0,"href":"https:\/\/mediarun.com\/pl\/wp-json\/wp\/v2\/posts\/12013\/revisions"}],"wp:featuredmedia":[{"embeddable":true,"href":"https:\/\/mediarun.com\/pl\/wp-json\/wp\/v2\/media\/12014"}],"wp:attachment":[{"href":"https:\/\/mediarun.com\/pl\/wp-json\/wp\/v2\/media?parent=12013"}],"wp:term":[{"taxonomy":"category","embeddable":true,"href":"https:\/\/mediarun.com\/pl\/wp-json\/wp\/v2\/categories?post=12013"},{"taxonomy":"post_tag","embeddable":true,"href":"https:\/\/mediarun.com\/pl\/wp-json\/wp\/v2\/tags?post=12013"}],"curies":[{"name":"wp","href":"https:\/\/api.w.org\/{rel}","templated":true}]}}