{"id":11987,"date":"2011-10-06T08:19:57","date_gmt":"2011-10-06T06:19:57","guid":{"rendered":"https:\/\/mediarun.com\/index.php\/news-posts\/steve-jobs-nie-zyje\/"},"modified":"2011-10-06T08:19:57","modified_gmt":"2011-10-06T06:19:57","slug":"steve-jobs-nie-zyje","status":"publish","type":"post","link":"https:\/\/mediarun.com\/pl\/digital\/internet\/steve-jobs-nie-zyje.html","title":{"rendered":"Steve Jobs nie \u017cyje"},"content":{"rendered":"<p>Apple o \u015bmierci swojego prezesa poinformowa\u0142o na swojej <a rel=\"nofollow noopener\" href=\"http:\/\/www.apple.com\/stevejobs\/\" target=\"_blank\">stronie internetowej<\/a>. &#8211;&nbsp;Apple straci\u0142o swojego wizjonera i geniusza. Ci, kt&oacute;rzy mieli szcz\u0119\u015bcie go zna\u0107, utracili swojego przyjaciela i mentora. Steve Jobs zostawia po sobie firm\u0119, kt&oacute;r\u0105 tylko on m&oacute;g\u0142 stworzy\u0107 i jego duch pozostanie w Apple na zawsze &#8211; napisano w krotkim komunikacie.<\/p>\n<p>Od lat Steve Jobs walczy\u0142 z rakiem trzustki, mia\u0142 za sob\u0105 r&oacute;wnie\u017c przeszczep w\u0105troby. Od stycznia br. przebywa\u0142 na bezterminowym zwolnieniu lekarskim. W sierpniu br. prezes Apple ostatecznie zrezygnowa\u0142 ze swojej funkcji i swoje obowi\u0105zki odda\u0142 Timowi Cookowi, dotychczasowemu dyrektorowi operacyjnemu koncernu z Cupertino.<\/p>\n<p>Reuters okre\u015bla Steve&#8217;a Jobsa &#8222;ikon\u0105&#8221; przemys\u0142u informatycznego oraz legend\u0105 Krzemowej Doliny. Apple za\u0142o\u017cy\u0142 w 1976 r. wraz ze Steve&#8217;em Wozniakiem. Do szybkiego sukcesu firmy przyczyni\u0142y si\u0119 m.in. komputery Apple II i Apple Macintosh. W 1985 r. Steve Jobs odszed\u0142 z Apple; rok p&oacute;\u017aniej kupi\u0142 studio Pixar, jedn\u0105 z najs\u0142ynniejszych firm produkuj\u0105cych filmy animowane. W 1996 r. wr&oacute;ci\u0142 do Apple i od 1997 r. do 2011 roku by\u0142 prezesem firmy.<\/p>\n","protected":false},"excerpt":{"rendered":"Po wieloletniej chorobie w wieku 56 lat odszed\u0142 za\u0142o\u017cyciel jednego z najwi\u0119kszych koncern&oacute;w komputerowych na \u015bwiecie.","protected":false},"author":1,"featured_media":11988,"comment_status":"open","ping_status":"closed","sticky":false,"template":"","format":"standard","meta":{"csco_display_header_overlay":false,"csco_singular_sidebar":"","csco_page_header_type":"","csco_page_load_nextpost":"","csco_post_video_location":[],"csco_post_video_location_hash":"","csco_post_video_url":"","csco_post_video_bg_start_time":0,"csco_post_video_bg_end_time":0,"footnotes":""},"categories":[9676],"tags":[196,197,426,1703,1504],"class_list":{"0":"post-11987","1":"post","2":"type-post","3":"status-publish","4":"format-standard","5":"has-post-thumbnail","7":"category-internet","8":"tag-apple","9":"tag-ipad","10":"tag-iphone","11":"tag-ipod","12":"tag-steve-jobs","13":"cs-entry","14":"cs-video-wrap"},"_links":{"self":[{"href":"https:\/\/mediarun.com\/pl\/wp-json\/wp\/v2\/posts\/11987","targetHints":{"allow":["GET"]}}],"collection":[{"href":"https:\/\/mediarun.com\/pl\/wp-json\/wp\/v2\/posts"}],"about":[{"href":"https:\/\/mediarun.com\/pl\/wp-json\/wp\/v2\/types\/post"}],"author":[{"embeddable":true,"href":"https:\/\/mediarun.com\/pl\/wp-json\/wp\/v2\/users\/1"}],"replies":[{"embeddable":true,"href":"https:\/\/mediarun.com\/pl\/wp-json\/wp\/v2\/comments?post=11987"}],"version-history":[{"count":0,"href":"https:\/\/mediarun.com\/pl\/wp-json\/wp\/v2\/posts\/11987\/revisions"}],"wp:featuredmedia":[{"embeddable":true,"href":"https:\/\/mediarun.com\/pl\/wp-json\/wp\/v2\/media\/11988"}],"wp:attachment":[{"href":"https:\/\/mediarun.com\/pl\/wp-json\/wp\/v2\/media?parent=11987"}],"wp:term":[{"taxonomy":"category","embeddable":true,"href":"https:\/\/mediarun.com\/pl\/wp-json\/wp\/v2\/categories?post=11987"},{"taxonomy":"post_tag","embeddable":true,"href":"https:\/\/mediarun.com\/pl\/wp-json\/wp\/v2\/tags?post=11987"}],"curies":[{"name":"wp","href":"https:\/\/api.w.org\/{rel}","templated":true}]}}