{"id":11983,"date":"2011-10-06T18:16:28","date_gmt":"2011-10-06T16:16:28","guid":{"rendered":"https:\/\/mediarun.com\/index.php\/news-posts\/tylko-gazeta-olsztynska-zyskala-czytelnikow-w-sierpniu\/"},"modified":"2011-10-06T18:16:28","modified_gmt":"2011-10-06T16:16:28","slug":"tylko-gazeta-olsztynska-zyskala-czytelnikow-w-sierpniu","status":"publish","type":"post","link":"https:\/\/mediarun.com\/pl\/media\/prasa\/tylko-gazeta-olsztynska-zyskala-czytelnikow-w-sierpniu.html","title":{"rendered":"Tylko Gazeta Olszty\u0144ska zyska\u0142a czytelnik\u00f3w w sierpniu"},"content":{"rendered":"<p>Jak wynika z danych ZKDP, liderem sprzeda\u017cy by\u0142a w sierpniu 2011 r. Gazeta Pomorska (57 697 egz., spadek o 10,6 proc.).<\/p>\n<p>Tu\u017c za nim w zestawieniu uplasowa\u0142 si\u0119 Polska Dziennik Zachodni, kt&oacute;ry w ubieg\u0142ym miesi\u0105cu by\u0142 liderem w tym segmencie (56 398 egz., mniej o 9,2 proc.). Trzecia lokata nale\u017ca\u0142a w sierpniu br. do dziennika Polska G\u0142os Wielkopolski (40 105 egz., 4,8 proc. spadku).<\/p>\n<p>Czwarte miejsce pod wzgl\u0119dem sprzeda\u017cy zaj\u0105\u0142 Express Ilustrowany (39 550 egz., 7,9 proc. spadku), a pierwsz\u0105 pi\u0105tk\u0119 zamkn\u0105\u0142 Polska Dziennik Ba\u0142tycki (38 003 egz., 7,9 proc. mniej).<\/p>\n<p>Na kolejnych pozycjach znalaz\u0142y si\u0119: G\u0142os &#8211; Dziennik Pomorza (33 819 egz., 10,7 proc. mniej), Polska Dziennik \u0141&oacute;dzki (33 152 egz., 6,4 proc. mniej), Gazeta Lubuska (31 444 egz. 11,8 proc. spadku), Dziennik Polski (30 758 egz., spadek o 9 proc.), .<\/p>\n<p>W zestawieniu 15. dziennik&oacute;w regionalnych o najwi\u0119kszej sprzeda\u017cy znalaz\u0142y si\u0119 tak\u017ce: Echo Dnia (29 444 egz., mniej o 5,1), Nowa Trybuna Opolska (24 784 egz., 0,1 proc. spadku), Polska Gazeta Krakowska (24 400 egz., 5,6 proc. spadku), Polska Gazeta Wroc\u0142awska (23 610 egz., spadek o 9 proc.), Gazeta Codzienna Nowiny, kt&oacute;ra straci\u0142a najwi\u0119cej (23 507 egz., 13,9 proc. mniej) oraz Gazeta Olszty\u0144ska\/Dziennik Elbl\u0105ski (23 481 egz., wi\u0119cej o 1,4 proc.).<\/p>\n<p>Powy\u017csze dane odnosz\u0105 si\u0119 do pozycji z zestawienia Zwi\u0105zku Kontroli Dystrybucji Prasy, okre\u015blonej jako &#8222;rozpowszechnianie p\u0142atne razem&#8221;.<\/p>\n","protected":false},"excerpt":{"rendered":"W sierpniu br. niemal wszystkie du\u017ce dzienniki regionalne odnotowa\u0142y spadek sprzeda\u017cy. Jako jedyna czytelnik&oacute;w zyska\u0142a Gazeta Olszty\u0144ska.","protected":false},"author":1,"featured_media":11984,"comment_status":"open","ping_status":"closed","sticky":false,"template":"","format":"standard","meta":{"csco_display_header_overlay":false,"csco_singular_sidebar":"","csco_page_header_type":"","csco_page_load_nextpost":"","csco_post_video_location":[],"csco_post_video_location_hash":"","csco_post_video_url":"","csco_post_video_bg_start_time":0,"csco_post_video_bg_end_time":0,"footnotes":""},"categories":[9673],"tags":[1357],"class_list":{"0":"post-11983","1":"post","2":"type-post","3":"status-publish","4":"format-standard","5":"has-post-thumbnail","7":"category-prasa","8":"tag-zkdp","9":"cs-entry","10":"cs-video-wrap"},"_links":{"self":[{"href":"https:\/\/mediarun.com\/pl\/wp-json\/wp\/v2\/posts\/11983","targetHints":{"allow":["GET"]}}],"collection":[{"href":"https:\/\/mediarun.com\/pl\/wp-json\/wp\/v2\/posts"}],"about":[{"href":"https:\/\/mediarun.com\/pl\/wp-json\/wp\/v2\/types\/post"}],"author":[{"embeddable":true,"href":"https:\/\/mediarun.com\/pl\/wp-json\/wp\/v2\/users\/1"}],"replies":[{"embeddable":true,"href":"https:\/\/mediarun.com\/pl\/wp-json\/wp\/v2\/comments?post=11983"}],"version-history":[{"count":0,"href":"https:\/\/mediarun.com\/pl\/wp-json\/wp\/v2\/posts\/11983\/revisions"}],"wp:featuredmedia":[{"embeddable":true,"href":"https:\/\/mediarun.com\/pl\/wp-json\/wp\/v2\/media\/11984"}],"wp:attachment":[{"href":"https:\/\/mediarun.com\/pl\/wp-json\/wp\/v2\/media?parent=11983"}],"wp:term":[{"taxonomy":"category","embeddable":true,"href":"https:\/\/mediarun.com\/pl\/wp-json\/wp\/v2\/categories?post=11983"},{"taxonomy":"post_tag","embeddable":true,"href":"https:\/\/mediarun.com\/pl\/wp-json\/wp\/v2\/tags?post=11983"}],"curies":[{"name":"wp","href":"https:\/\/api.w.org\/{rel}","templated":true}]}}