{"id":11921,"date":"2011-10-07T22:49:34","date_gmt":"2011-10-07T20:49:34","guid":{"rendered":"https:\/\/mediarun.com\/index.php\/news-posts\/debiutuje-flesz-gwiazdy-styl\/"},"modified":"2011-10-07T22:49:34","modified_gmt":"2011-10-07T20:49:34","slug":"debiutuje-flesz-gwiazdy-styl","status":"publish","type":"post","link":"https:\/\/mediarun.com\/pl\/media\/prasa\/debiutuje-flesz-gwiazdy-styl.html","title":{"rendered":"Debiutuje Flesz. Gwiazdy &#038; Styl"},"content":{"rendered":"<p>Jest to pierwsze w Polsce pismo oparte na koncepcji 50\/50 &#8211; materia\u0142y o stylu s\u0105 we Fleszu r&oacute;wnie wa\u017cne jak informacje z \u017cycia gwiazd i stanowi\u0105 po\u0142ow\u0119 zawarto\u015bci magazynu. Edipresse pracowa\u0142o nad magazynem ponad 2 lata &#8211; w tym czasie pismo by\u0142o badane ilo\u015bciowo i jako\u015bciowo Flesz debiutuje w nak\u0142adzie 600 tys. egzemplarzy. Wraz z debiutem dwutygodnika, Edipresse tworzy now\u0105 kategori\u0119 &#8211; segment dwutygodnik&oacute;w people&amp;style.<\/p>\n<p>Pierwsze numery b\u0119d\u0105 mia\u0142y obj\u0119to\u015b\u0107 podwy\u017cszon\u0105 do 124 stron i b\u0119d\u0105 do kupienia w promocyjnej cenie 1,50. Ok\u0142adka Flesza b\u0119dzie lakierowana.<\/p>\n<p>Magazyn Flesz. Gwiazdy&amp;Styl jest autorskim projektem Edipresse, nad kt&oacute;rym od strony merytorycznej czuwa\u0142y Izabela Bochenek-Strauss i Aneta Wikariak &#8211; od 2009 roku do chwili obecnej.<\/p>\n<p>Makiet\u0119 stworzy\u0142y dwie designerki z Nowego Jorku &#8211; Mary Jane Fahey oraz Marianna Ochs, kt&oacute;re w swojej karierze pracowa\u0142y m.in. nad layoutami Tatlera, InStyle&#8217;a, Time&#8217;a, Business Week, Women&#8217;s Health.<\/p>\n<p>Ze strony polskiej za cz\u0119\u015b\u0107 graficzn\u0105 odpowiedzialne s\u0105 El\u017cbieta \u017bochowska (dyrektor artystyczny Edipresse Polska, tw&oacute;rczyni makiety Vivy!, Przekroju i Party. \u017bycie Gwiazd) oraz Oliwia Gede-Niewiadomska (wsp&oacute;\u0142tw&oacute;rczyni makiety Party. \u017bycie Gwiazd).<\/p>\n<p>Twarz\u0105 kampanii nowego pisma zosta\u0142a Ma\u0142gorzata Socha. Aktorka wyst\u0105pi w filmie reklamowym. Jej wizerunek zostanie wykorzystany te\u017c na citylightach, w reklamie prasowej oraz internetowej.<\/p>\n<p>Koncepcj\u0119 kreatywn\u0105 kampanii opracowa\u0142a agencja Walk the Line. Spot wyre\u017cyserowa\u0142 Jan Komasa,. Za zakup medi&oacute;w odpowiedzialny by\u0142 dom mediowy ZenithOptimedia. Koszt kampanii reklamowej to ponad 6,8 mln z\u0142 netto.<\/p>\n","protected":false},"excerpt":{"rendered":"10 pa\u017adziernika w kioskach zadebiutuje nowy dwutygodnik dla kobiet Flesz. Gwiazdy &amp; Styl.","protected":false},"author":1,"featured_media":11922,"comment_status":"open","ping_status":"closed","sticky":false,"template":"","format":"standard","meta":{"csco_display_header_overlay":false,"csco_singular_sidebar":"","csco_page_header_type":"","csco_page_load_nextpost":"","csco_post_video_location":[],"csco_post_video_location_hash":"","csco_post_video_url":"","csco_post_video_bg_start_time":0,"csco_post_video_bg_end_time":0,"footnotes":""},"categories":[9673],"tags":[96],"class_list":{"0":"post-11921","1":"post","2":"type-post","3":"status-publish","4":"format-standard","5":"has-post-thumbnail","7":"category-prasa","8":"tag-edipresse","9":"cs-entry","10":"cs-video-wrap"},"_links":{"self":[{"href":"https:\/\/mediarun.com\/pl\/wp-json\/wp\/v2\/posts\/11921","targetHints":{"allow":["GET"]}}],"collection":[{"href":"https:\/\/mediarun.com\/pl\/wp-json\/wp\/v2\/posts"}],"about":[{"href":"https:\/\/mediarun.com\/pl\/wp-json\/wp\/v2\/types\/post"}],"author":[{"embeddable":true,"href":"https:\/\/mediarun.com\/pl\/wp-json\/wp\/v2\/users\/1"}],"replies":[{"embeddable":true,"href":"https:\/\/mediarun.com\/pl\/wp-json\/wp\/v2\/comments?post=11921"}],"version-history":[{"count":0,"href":"https:\/\/mediarun.com\/pl\/wp-json\/wp\/v2\/posts\/11921\/revisions"}],"wp:featuredmedia":[{"embeddable":true,"href":"https:\/\/mediarun.com\/pl\/wp-json\/wp\/v2\/media\/11922"}],"wp:attachment":[{"href":"https:\/\/mediarun.com\/pl\/wp-json\/wp\/v2\/media?parent=11921"}],"wp:term":[{"taxonomy":"category","embeddable":true,"href":"https:\/\/mediarun.com\/pl\/wp-json\/wp\/v2\/categories?post=11921"},{"taxonomy":"post_tag","embeddable":true,"href":"https:\/\/mediarun.com\/pl\/wp-json\/wp\/v2\/tags?post=11921"}],"curies":[{"name":"wp","href":"https:\/\/api.w.org\/{rel}","templated":true}]}}