{"id":11765,"date":"2011-10-12T20:28:37","date_gmt":"2011-10-12T18:28:37","guid":{"rendered":"https:\/\/mediarun.com\/index.php\/news-posts\/rusza-nowy-sezon-fabryki-urody\/"},"modified":"2011-10-12T20:28:37","modified_gmt":"2011-10-12T18:28:37","slug":"rusza-nowy-sezon-fabryki-urody","status":"publish","type":"post","link":"https:\/\/mediarun.com\/pl\/media\/tv\/rusza-nowy-sezon-fabryki-urody.html","title":{"rendered":"Rusza nowy sezon &#8222;Fabryki Urody&#8221;"},"content":{"rendered":"<p>Metamorfozom uczestniczek programu b\u0119dzie mo\u017cna tak\u017ce przyjrze\u0107 si\u0119 na stronach dwutygodnika Gala. Pierwsza relacja zostanie zaprezentowana w numerze 29, kt&oacute;ry na rynku pojawi si\u0119 17.10.2011 br. Kolejne numery Gali r&oacute;wnie\u017c b\u0119d\u0105 go\u015bci\u0107 na swoich \u0142amach odmienione bohaterki programu.<\/p>\n<p>Autorzy programu w trzeciej edycji postanowili od\u015bwie\u017cy\u0107 jego formu\u0142\u0119. Metamorfoza uczestniczek b\u0119dzie wzorowana na wizerunku \u015bwiatowych gwiazd show biznesu. Eksperci programu udowodni\u0105, \u017ce ka\u017cda &#8222;szara myszka&#8221; mo\u017ce sta\u0107 si\u0119 pi\u0119kn\u0105, pewn\u0105 siebie, spe\u0142nion\u0105 kobiet\u0105, nieust\u0119puj\u0105c\u0105 wygl\u0105dem gwiazdom. W programie nie zabraknie wzrusze\u0144 i niespodzianek.<\/p>\n<p>Trzecia edycja programu &#8222;Fabryka Urody&#8221; ruszy\u0142a 3 wrze\u015bnia Rozpocz\u0119\u0142a si\u0119 ona castingiem, podczas kt&oacute;rego jury wybra\u0142o 18 kandydatek. Do tej pory program ten odmieni\u0142 ju\u017c 37 kobiet, kt&oacute;re przesz\u0142y niezwyk\u0142e metamorfozy swojego wygl\u0105du. I tym razem uczestniczki b\u0119d\u0105 poddane wielu zabiegom, zar&oacute;wno z dziedziny medycyny estetycznej, kosmetologii, stomatologii, oraz skorzystaj\u0105 z doradztwa w zakresie zdrowego od\u017cywiania, stylizacji ubioru, fryzury oraz make-up&#8217;u.<\/p>\n<p>Program emitowany jest w \u015brody o godz. 21.00.<\/p>\n","protected":false},"excerpt":{"rendered":"Od 12 pa\u017adziernika widzowie Polsat Cafe mog\u0105 ogl\u0105da\u0107 nowy sezon programu &#8222;Fabryka Urody&#8221;.","protected":false},"author":1,"featured_media":11766,"comment_status":"open","ping_status":"closed","sticky":false,"template":"","format":"standard","meta":{"csco_display_header_overlay":false,"csco_singular_sidebar":"","csco_page_header_type":"","csco_page_load_nextpost":"","csco_post_video_location":[],"csco_post_video_location_hash":"","csco_post_video_url":"","csco_post_video_bg_start_time":0,"csco_post_video_bg_end_time":0,"footnotes":""},"categories":[9670],"tags":[100],"class_list":{"0":"post-11765","1":"post","2":"type-post","3":"status-publish","4":"format-standard","5":"has-post-thumbnail","7":"category-tv","8":"tag-polsat-cafe","9":"cs-entry","10":"cs-video-wrap"},"_links":{"self":[{"href":"https:\/\/mediarun.com\/pl\/wp-json\/wp\/v2\/posts\/11765","targetHints":{"allow":["GET"]}}],"collection":[{"href":"https:\/\/mediarun.com\/pl\/wp-json\/wp\/v2\/posts"}],"about":[{"href":"https:\/\/mediarun.com\/pl\/wp-json\/wp\/v2\/types\/post"}],"author":[{"embeddable":true,"href":"https:\/\/mediarun.com\/pl\/wp-json\/wp\/v2\/users\/1"}],"replies":[{"embeddable":true,"href":"https:\/\/mediarun.com\/pl\/wp-json\/wp\/v2\/comments?post=11765"}],"version-history":[{"count":0,"href":"https:\/\/mediarun.com\/pl\/wp-json\/wp\/v2\/posts\/11765\/revisions"}],"wp:featuredmedia":[{"embeddable":true,"href":"https:\/\/mediarun.com\/pl\/wp-json\/wp\/v2\/media\/11766"}],"wp:attachment":[{"href":"https:\/\/mediarun.com\/pl\/wp-json\/wp\/v2\/media?parent=11765"}],"wp:term":[{"taxonomy":"category","embeddable":true,"href":"https:\/\/mediarun.com\/pl\/wp-json\/wp\/v2\/categories?post=11765"},{"taxonomy":"post_tag","embeddable":true,"href":"https:\/\/mediarun.com\/pl\/wp-json\/wp\/v2\/tags?post=11765"}],"curies":[{"name":"wp","href":"https:\/\/api.w.org\/{rel}","templated":true}]}}