{"id":11731,"date":"2011-10-13T17:52:00","date_gmt":"2011-10-13T15:52:00","guid":{"rendered":"https:\/\/mediarun.com\/index.php\/news-posts\/czwartego-numeru-wrecz-przeciwnie-nie-bedzie\/"},"modified":"2011-10-13T17:52:00","modified_gmt":"2011-10-13T15:52:00","slug":"czwartego-numeru-wrecz-przeciwnie-nie-bedzie","status":"publish","type":"post","link":"https:\/\/mediarun.com\/pl\/media\/prasa\/czwartego-numeru-wrecz-przeciwnie-nie-bedzie.html","title":{"rendered":"Czwartego numeru Wr\u0119cz Przeciwnie nie b\u0119dzie"},"content":{"rendered":"<p>Pawe\u0142 Zarzeczny, jeden z felietonist&oacute;w tygodnika, w rozmowie z tvn24.pl potwierdzi\u0142 informacj\u0119, \u017ce wydawca Wr\u0119cz Przeciwnie zamyka tytu\u0142. Faktowi temu zaprzecza natomiast w rozmowie z Tokfm.pl Maciej So\u0142dan z dzia\u0142u reklamy i marketingu tygodnika.<\/p>\n<p>Oficjalnej przyczyny zamkni\u0119cia Wr\u0119cz Przeciwnie jak dot\u0105d nie podano. Jak spekuluje serwis wPolityce.pl, prawdopodobnie chodzi o niezadowalaj\u0105ce wyniki sprzeda\u017cy.<\/p>\n<p>Wr\u0119cz Przeciwnie tworzony by\u0142 przez cz\u0119\u015b\u0107 ekipy tygodnika Wprost, kt&oacute;ra odesz\u0142a z redakcji tytu\u0142u po tym, jak jego redaktorem naczelnym zosta\u0142 Tomasz Lis. Pocz\u0105tkowo nowopowsta\u0142y tygodnik mia\u0142 nosi\u0107 nazw\u0119 Wprost Przeciwnie, jednak s\u0142owo &#8222;Wprost&#8221; zamieniono na &#8222;Wr\u0119cz&#8221; po decyzji sp&oacute;\u0142ki Ruch o niedopuszczeniu do&nbsp;dystrybucji tygodnika o kontrowersyjnej nazwie.<\/p>\n<p>Pierwszy numer pisma ukaza\u0142 si\u0119 na rynku 26 wrze\u015bnia w nak\u0142adzie 120 tys. egzemplarzy.&nbsp;<span>Wed\u0142ug danych wydawcy nabywc&oacute;w znalaz\u0142o 30 tys.<\/span><\/p>\n<p>Na ok\u0142adce wydania znale\u017ali si\u0119 ubrani w stroje liturgiczne Jaros\u0142aw Kaczy\u0144ski i Donald Tusk, udzielaj\u0105cy sobie wzajemnie komunii. Ok\u0142adka ta wzbudzi\u0142a niesmak u dw&oacute;ch czo\u0142owych publicyst&oacute;w tygodnika: Tomasza Terlikowskiego i S\u0142awomira Cenkiewicza, kt&oacute;rzy w ramach protestu odeszli z redakcji Wr\u0119cz Przeciwnie.<\/p>\n","protected":false},"excerpt":{"rendered":"Redagowany przez by\u0142ych cz\u0142onk&oacute;w Wprost tygodnik opinii znika z kiosk&oacute;w zaledwie 3 tygodnie po debiucie.","protected":false},"author":1,"featured_media":11732,"comment_status":"open","ping_status":"closed","sticky":false,"template":"","format":"standard","meta":{"csco_display_header_overlay":false,"csco_singular_sidebar":"","csco_page_header_type":"","csco_page_load_nextpost":"","csco_post_video_location":[],"csco_post_video_location_hash":"","csco_post_video_url":"","csco_post_video_bg_start_time":0,"csco_post_video_bg_end_time":0,"footnotes":""},"categories":[9673],"tags":[],"class_list":{"0":"post-11731","1":"post","2":"type-post","3":"status-publish","4":"format-standard","5":"has-post-thumbnail","7":"category-prasa","8":"cs-entry","9":"cs-video-wrap"},"_links":{"self":[{"href":"https:\/\/mediarun.com\/pl\/wp-json\/wp\/v2\/posts\/11731","targetHints":{"allow":["GET"]}}],"collection":[{"href":"https:\/\/mediarun.com\/pl\/wp-json\/wp\/v2\/posts"}],"about":[{"href":"https:\/\/mediarun.com\/pl\/wp-json\/wp\/v2\/types\/post"}],"author":[{"embeddable":true,"href":"https:\/\/mediarun.com\/pl\/wp-json\/wp\/v2\/users\/1"}],"replies":[{"embeddable":true,"href":"https:\/\/mediarun.com\/pl\/wp-json\/wp\/v2\/comments?post=11731"}],"version-history":[{"count":0,"href":"https:\/\/mediarun.com\/pl\/wp-json\/wp\/v2\/posts\/11731\/revisions"}],"wp:featuredmedia":[{"embeddable":true,"href":"https:\/\/mediarun.com\/pl\/wp-json\/wp\/v2\/media\/11732"}],"wp:attachment":[{"href":"https:\/\/mediarun.com\/pl\/wp-json\/wp\/v2\/media?parent=11731"}],"wp:term":[{"taxonomy":"category","embeddable":true,"href":"https:\/\/mediarun.com\/pl\/wp-json\/wp\/v2\/categories?post=11731"},{"taxonomy":"post_tag","embeddable":true,"href":"https:\/\/mediarun.com\/pl\/wp-json\/wp\/v2\/tags?post=11731"}],"curies":[{"name":"wp","href":"https:\/\/api.w.org\/{rel}","templated":true}]}}