{"id":11729,"date":"2011-10-13T18:32:18","date_gmt":"2011-10-13T16:32:18","guid":{"rendered":"https:\/\/mediarun.com\/index.php\/news-posts\/rzeczpospolita-juz-oficjalnie-w-rekach-hajdarowicza\/"},"modified":"2011-10-13T18:32:18","modified_gmt":"2011-10-13T16:32:18","slug":"rzeczpospolita-juz-oficjalnie-w-rekach-hajdarowicza","status":"publish","type":"post","link":"https:\/\/mediarun.com\/pl\/media\/tv\/rzeczpospolita-juz-oficjalnie-w-rekach-hajdarowicza.html","title":{"rendered":"Rzeczpospolita ju\u017c oficjalnie w r\u0119kach Hajdarowicza"},"content":{"rendered":"<p>Nale\u017c\u0105ca do Grzegorza Hajdarowicza sp&oacute;\u0142ka Gremi Media kupi\u0142a od PW Rzeczpospolita 48,99 proc. udzia\u0142&oacute;w w wydawnictwie Presspublica. Warto\u015b\u0107 transakcji wynios\u0142a 55 mln z\u0142. We wtorek, 11 pa\u017adziernika, brytyjski fundusz Mecom za 80 mln z\u0142 sprzeda\u0142 Gremi Media pozosta\u0142e 51 proc. udzia\u0142&oacute;w w Presspublice. Grzegorz Hajdarowicz za ca\u0142e wydawnictwo zap\u0142aci\u0142 wi\u0119c \u0142\u0105cznie 135 mln z\u0142.<\/p>\n<p>Obecnie Gremi Media wydaje tygodnik Przekr&oacute;j i miesi\u0119cznik Sukces. Nied\u0142ugo do jego portfolio do\u0142\u0105cz\u0105 tak\u017ce dzienniki Rzeczpospolita i Parkiet oraz tygodnik Uwa\u017cam Rze.<\/p>\n<p>Nie wiadomo, czy przej\u0119cie przez Hajdarowicza Presspubliki przyniesie ze sob\u0105 tak\u017ce zmiany kadrowe. Potwierdzono jedynie, \u017ce stanowisko wiceprezesa zarz\u0105du sp&oacute;\u0142ki ma obj\u0105\u0107 Tomasz Wr&oacute;blewski, by\u0142y redaktor naczelny Dziennika Gazety Prawnej.<\/p>\n<p>Hajdarowicz zaprzecza plotkom, \u017ce po przej\u0119ciu Rzeczpospolitej b\u0119dzie chcia\u0142 zmieni\u0107 jej profil na tytu\u0142 bardziej biznesowy. Doda\u0142 r&oacute;wnie\u017c, \u017ce nie planuje ingerencji w ideologi\u0119 Uwa\u017cam Rze.<\/p>\n","protected":false},"excerpt":{"rendered":"Grzegorz Hajdarowicz sta\u0142 si\u0119 wy\u0142\u0105cznym w\u0142a\u015bcicielem Presspubliki wydaj\u0105cej Rzeczpospolit\u0105, Parkiet oraz tygodnik Uwa\u017cam Rze.","protected":false},"author":1,"featured_media":11730,"comment_status":"open","ping_status":"closed","sticky":false,"template":"","format":"standard","meta":{"csco_display_header_overlay":false,"csco_singular_sidebar":"","csco_page_header_type":"","csco_page_load_nextpost":"","csco_post_video_location":[],"csco_post_video_location_hash":"","csco_post_video_url":"","csco_post_video_bg_start_time":0,"csco_post_video_bg_end_time":0,"footnotes":""},"categories":[9670],"tags":[560,912,361,634],"class_list":{"0":"post-11729","1":"post","2":"type-post","3":"status-publish","4":"format-standard","5":"has-post-thumbnail","7":"category-tv","8":"tag-presspublica","9":"tag-przekroj","10":"tag-rzeczpospolita","11":"tag-uwazam-rze","12":"cs-entry","13":"cs-video-wrap"},"_links":{"self":[{"href":"https:\/\/mediarun.com\/pl\/wp-json\/wp\/v2\/posts\/11729","targetHints":{"allow":["GET"]}}],"collection":[{"href":"https:\/\/mediarun.com\/pl\/wp-json\/wp\/v2\/posts"}],"about":[{"href":"https:\/\/mediarun.com\/pl\/wp-json\/wp\/v2\/types\/post"}],"author":[{"embeddable":true,"href":"https:\/\/mediarun.com\/pl\/wp-json\/wp\/v2\/users\/1"}],"replies":[{"embeddable":true,"href":"https:\/\/mediarun.com\/pl\/wp-json\/wp\/v2\/comments?post=11729"}],"version-history":[{"count":0,"href":"https:\/\/mediarun.com\/pl\/wp-json\/wp\/v2\/posts\/11729\/revisions"}],"wp:featuredmedia":[{"embeddable":true,"href":"https:\/\/mediarun.com\/pl\/wp-json\/wp\/v2\/media\/11730"}],"wp:attachment":[{"href":"https:\/\/mediarun.com\/pl\/wp-json\/wp\/v2\/media?parent=11729"}],"wp:term":[{"taxonomy":"category","embeddable":true,"href":"https:\/\/mediarun.com\/pl\/wp-json\/wp\/v2\/categories?post=11729"},{"taxonomy":"post_tag","embeddable":true,"href":"https:\/\/mediarun.com\/pl\/wp-json\/wp\/v2\/tags?post=11729"}],"curies":[{"name":"wp","href":"https:\/\/api.w.org\/{rel}","templated":true}]}}