{"id":11727,"date":"2011-10-13T18:36:29","date_gmt":"2011-10-13T16:36:29","guid":{"rendered":"https:\/\/mediarun.com\/index.php\/news-posts\/tvp-konczy-wspolprace-z-nergalem\/"},"modified":"2011-10-13T18:36:29","modified_gmt":"2011-10-13T16:36:29","slug":"tvp-konczy-wspolprace-z-nergalem","status":"publish","type":"post","link":"https:\/\/mediarun.com\/pl\/media\/tv\/tvp-konczy-wspolprace-z-nergalem.html","title":{"rendered":"TVP ko\u0144czy wsp\u00f3\u0142prac\u0119 z Nergalem"},"content":{"rendered":"<p>Na <a rel=\"nofollow noopener\" href=\"http:\/\/ksd.media.pl\/component\/content\/article\/1-news\/410-braun-zapewnia-e-nie-bdzie-wicej-nergala-w-tvp\" target=\"_blank\">stronie<\/a> Katolickiego Stowarzyszenia Dziennikarzy widnieje zamieszczony przez ks. Boles\u0142awa Karcza komunikat, w kt&oacute;rym cytuje on swoj\u0105 rozmow\u0119 z Juliuszem Braunem. W informacji przeczyta\u0107 mo\u017cna m.in. o\u015bwiadczenie prezesa TVP, w kt&oacute;rym stwierdza on, \u017ce &#8222;zatrudnienie Adama Darskiego&#8221; by\u0142o b\u0142\u0119dn\u0105 decyzj\u0105.<\/p>\n<p>Braun zadeklarowa\u0142 r&oacute;wnie\u017c, \u017ce gdyby Dw&oacute;jka zdecydowa\u0142a si\u0119 na kolejn\u0105 edycj\u0119 show &#8222;The Voice of Poland&#8221;, Nergal nie zostanie ponownie cz\u0142onkiem jury. Jak dodaje prezes TVP, Darskiego nie mo\u017cna zdj\u0105\u0107 z anteny natychmiast, poniewa\u017c stacja zwi\u0105zana jest umowami z producentem i sponsorami, a zdecydowana cz\u0119\u015b\u0107 odcink&oacute;w programu jest ju\u017c nagrana.<\/p>\n<p>W zesz\u0142ym tygodniu Nergal t\u0142umaczy\u0142 si\u0119 Juliuszowi Braunowi ze swojego zachowania w jednym z warszawskich klub&oacute;w, w kt&oacute;rym mia\u0142 &#8222;kpi\u0107 z ludzkiego cierpienia, parodiuj\u0105c uzdrowienie os&oacute;b kalekich&#8221;. Wyja\u015bnie\u0144 zar&oacute;wno muzyka, jaki i produkuj\u0105cej &#8222;The Voice of Poland&#8221; firmy Rochstar TVP nie ujawnia.<\/p>\n<p>Pod koniec ubieg\u0142ego miesi\u0105ca stanowisko w sprawie kontrowersyjnego udzia\u0142u Nergala w komercyjnym programie wystosowa\u0142a Krajowa Rada Radiofonii i Telewizji, kt&oacute;ra stwierdzi\u0142a, \u017ce nie narusza on obowi\u0105zuj\u0105cego prawa. KRRiT zwr&oacute;ci\u0142a si\u0119 jednak do TVP o &#8222;uwzgl\u0119dnienie zr&oacute;\u017cnicowanej wra\u017cliwo\u015bci odbiorc&oacute;w&#8221;.<\/p>\n<p>Emisja ostatniego odcinka pierwszej edycji &#8222;The Voice of Poland&#8221; zaplanowana jest na pierwszy tydzie\u0144 grudnia.<\/p>\n","protected":false},"excerpt":{"rendered":"Adam Darski nie tylko nie dostanie swojego programu, ale nie b\u0119dzie r&oacute;wnie\u017c jurorem drugiej edycji &#8222;The Voice of Poland&#8221;, je\u015bli Dw&oacute;jka si\u0119 na ni\u0105 zdecyduje.","protected":false},"author":1,"featured_media":11728,"comment_status":"open","ping_status":"closed","sticky":false,"template":"","format":"standard","meta":{"csco_display_header_overlay":false,"csco_singular_sidebar":"","csco_page_header_type":"","csco_page_load_nextpost":"","csco_post_video_location":[],"csco_post_video_location_hash":"","csco_post_video_url":"","csco_post_video_bg_start_time":0,"csco_post_video_bg_end_time":0,"footnotes":""},"categories":[9670],"tags":[610],"class_list":{"0":"post-11727","1":"post","2":"type-post","3":"status-publish","4":"format-standard","5":"has-post-thumbnail","7":"category-tv","8":"tag-tvp2","9":"cs-entry","10":"cs-video-wrap"},"_links":{"self":[{"href":"https:\/\/mediarun.com\/pl\/wp-json\/wp\/v2\/posts\/11727","targetHints":{"allow":["GET"]}}],"collection":[{"href":"https:\/\/mediarun.com\/pl\/wp-json\/wp\/v2\/posts"}],"about":[{"href":"https:\/\/mediarun.com\/pl\/wp-json\/wp\/v2\/types\/post"}],"author":[{"embeddable":true,"href":"https:\/\/mediarun.com\/pl\/wp-json\/wp\/v2\/users\/1"}],"replies":[{"embeddable":true,"href":"https:\/\/mediarun.com\/pl\/wp-json\/wp\/v2\/comments?post=11727"}],"version-history":[{"count":0,"href":"https:\/\/mediarun.com\/pl\/wp-json\/wp\/v2\/posts\/11727\/revisions"}],"wp:featuredmedia":[{"embeddable":true,"href":"https:\/\/mediarun.com\/pl\/wp-json\/wp\/v2\/media\/11728"}],"wp:attachment":[{"href":"https:\/\/mediarun.com\/pl\/wp-json\/wp\/v2\/media?parent=11727"}],"wp:term":[{"taxonomy":"category","embeddable":true,"href":"https:\/\/mediarun.com\/pl\/wp-json\/wp\/v2\/categories?post=11727"},{"taxonomy":"post_tag","embeddable":true,"href":"https:\/\/mediarun.com\/pl\/wp-json\/wp\/v2\/tags?post=11727"}],"curies":[{"name":"wp","href":"https:\/\/api.w.org\/{rel}","templated":true}]}}