{"id":11709,"date":"2011-10-14T15:54:24","date_gmt":"2011-10-14T13:54:24","guid":{"rendered":"https:\/\/mediarun.com\/index.php\/news-posts\/staniszewski-pokieruje-marketingiem-cyfry\/"},"modified":"2015-03-17T11:28:40","modified_gmt":"2015-03-17T11:28:40","slug":"staniszewski-pokieruje-marketingiem-cyfry","status":"publish","type":"post","link":"https:\/\/mediarun.com\/pl\/ludzie\/kariera\/staniszewski-pokieruje-marketingiem-cyfry.html","title":{"rendered":"Staniszewski pokieruje marketingiem Cyfry+"},"content":{"rendered":"<p>B\u0119dzie odpowiedzialny za marketing platformy Cyfra+, kana\u0142&oacute;w premium Canal+ oraz&nbsp;kana\u0142&oacute;w tematycznych: alekino+, Planete+, MiniMini+, teleToon+ \/ Hyper+, Kuchnia+ i Domo+.<\/p>\n<p>Do zespo\u0142u 31 pa\u017adziernika do\u0142\u0105czy Anna Go\u0142\u0119bicka, na stanowisku dyrektora ds. marketingu i&nbsp;rozwoju kana\u0142&oacute;w tematycznych sp&oacute;\u0142ki.<\/p>\n<p>Marek Staniszewski od 16 lat zajmuje si\u0119 komunikacj\u0105 marek. W tym czasie pe\u0142ni\u0142 obowi\u0105zki dyrektora strategicznego w agencjach TJ&nbsp;Partner, Gruppa66 Ogilvy, Euro RSCG oraz cz\u0142onka zarz\u0105du ds. strategii w&nbsp;grupie Young &amp; Rubicam Brands, gdzie odpowiada\u0142 tak\u017ce za agencj\u0119 Max Weber (digital).<\/p>\n<p>&nbsp;<\/p>\n<p class=\"p1\">Jest&nbsp;autorem kilkudziesi\u0119ciu artyku\u0142&oacute;w zwi\u0105zanych z zarz\u0105dzaniem mark\u0105, marketingiem i komunikacj\u0105 reklamow\u0105 oraz ksi\u0105\u017cki &#8222;Atlas strategiczny&#8221; i &#8222;Strategiczny podst\u0119p&#8221; oraz wsp&oacute;\u0142autorem ksi\u0105\u017cki &#8222;Portret klienta&#8221;.<\/p>\n<p>&nbsp;<\/p>\n<p>Anna Go\u0142\u0119bicka pracowa\u0142a m.in. w TVN jako manager zespo\u0142u strategii i&nbsp;produkt&oacute;w reklamowych TVN24, kana\u0142&oacute;w tematycznych, a nast\u0119pnie manager zespo\u0142u strategii rozwoju i wsparcia sprzeda\u017cy TVN. Kierowa\u0142a marketingiem CenterNet (operator infrastrukturalny telefonii kom&oacute;rkowej) i doradza\u0142a zarz\u0105dowi Grey Group. Ostatnio pe\u0142ni\u0142a funkcj\u0119 dyrektora marketingu Paged Meble.<\/p>\n","protected":false},"excerpt":{"rendered":"Marek Staniszewski obj\u0105\u0142 stanowisko dyrektora wykonawczego Pionu Marketingu sp&oacute;\u0142ki Canal+ Cyfrowy.","protected":false},"author":1,"featured_media":11710,"comment_status":"open","ping_status":"closed","sticky":false,"template":"","format":"standard","meta":{"csco_display_header_overlay":false,"csco_singular_sidebar":"","csco_page_header_type":"","csco_page_load_nextpost":"","csco_post_video_location":[],"csco_post_video_location_hash":"","csco_post_video_url":"","csco_post_video_bg_start_time":0,"csco_post_video_bg_end_time":0,"footnotes":""},"categories":[5909],"tags":[833,334],"class_list":{"0":"post-11709","1":"post","2":"type-post","3":"status-publish","4":"format-standard","5":"has-post-thumbnail","7":"category-kariera","8":"tag-cyfra","9":"tag-young-rubicam","10":"cs-entry","11":"cs-video-wrap"},"_links":{"self":[{"href":"https:\/\/mediarun.com\/pl\/wp-json\/wp\/v2\/posts\/11709","targetHints":{"allow":["GET"]}}],"collection":[{"href":"https:\/\/mediarun.com\/pl\/wp-json\/wp\/v2\/posts"}],"about":[{"href":"https:\/\/mediarun.com\/pl\/wp-json\/wp\/v2\/types\/post"}],"author":[{"embeddable":true,"href":"https:\/\/mediarun.com\/pl\/wp-json\/wp\/v2\/users\/1"}],"replies":[{"embeddable":true,"href":"https:\/\/mediarun.com\/pl\/wp-json\/wp\/v2\/comments?post=11709"}],"version-history":[{"count":0,"href":"https:\/\/mediarun.com\/pl\/wp-json\/wp\/v2\/posts\/11709\/revisions"}],"wp:featuredmedia":[{"embeddable":true,"href":"https:\/\/mediarun.com\/pl\/wp-json\/wp\/v2\/media\/11710"}],"wp:attachment":[{"href":"https:\/\/mediarun.com\/pl\/wp-json\/wp\/v2\/media?parent=11709"}],"wp:term":[{"taxonomy":"category","embeddable":true,"href":"https:\/\/mediarun.com\/pl\/wp-json\/wp\/v2\/categories?post=11709"},{"taxonomy":"post_tag","embeddable":true,"href":"https:\/\/mediarun.com\/pl\/wp-json\/wp\/v2\/tags?post=11709"}],"curies":[{"name":"wp","href":"https:\/\/api.w.org\/{rel}","templated":true}]}}