{"id":11697,"date":"2011-10-14T21:58:29","date_gmt":"2011-10-14T19:58:29","guid":{"rendered":"https:\/\/mediarun.com\/index.php\/news-posts\/eurosport-pokaze-giro-di-lombardia\/"},"modified":"2011-10-14T21:58:29","modified_gmt":"2011-10-14T19:58:29","slug":"eurosport-pokaze-giro-di-lombardia","status":"publish","type":"post","link":"https:\/\/mediarun.com\/pl\/media\/tv\/eurosport-pokaze-giro-di-lombardia.html","title":{"rendered":"Eurosport poka\u017ce Giro di Lombardia"},"content":{"rendered":"<p>B\u0119dzie to ostatnia impreza cyklu UCI WorldTour w tym sezonie. Pocz\u0105tek transmisji planowany jest na godz. 15.45.<\/p>\n<p>Trasa 105. edycji &#8222;wy\u015bcigu spadaj\u0105cych li\u015bci&#8221; z Mediolanu do Locco licz\u0105ca 241 km b\u0119dzie mia\u0142a niezwykle mocn\u0105 obsad\u0119. Do najwi\u0119kszych faworyt&oacute;w nale\u017ce\u0107 b\u0119d\u0105: Ivan Basso i Vincenzo Nibali &#8211; Liquigas-Cannondale, Michele Scarponi i Damiano Cunego &#8211; Lampre-ISD, Carlos Barredo, Steven Kruijswik i Bauke Mollema &#8211; Rabobank, Juan Jose Cobo (zwyci\u0119zca tegorocznej Vuelty) &#8211; Geox-TMC, Giovanni Visconti &#8211; Farnese Vini, Thomas Voeckler &#8211; Team Europcar, Aleksander Winokurow &#8211; Astana, Philippe Gilbert (triumfator sprzed roku) &#8211; Omega Pharma-Lotto, Mark Cavendish (mistrz \u015bwiata z Kopenhagi) &#8211; HTC-Highroad.<\/p>\n<p>Opr&oacute;cz 18 zespo\u0142&oacute;w UCI World Tour widzowie zobacz\u0105 siedem grup, kt&oacute;re dosta\u0142y od organizator&oacute;w &#8222;dzikie karty&#8221;. W tym roku by\u0142y to: Acqua &amp; Sapone, Androni Giocattoli, Colnago-CSF Inox, Geox-TMC, Farnese Vini-Neri Sottoli, FDJ i Team Europcar.<\/p>\n<p>Na starcie w Mediolanie b\u0119dzie mo\u017cna zobaczy\u0107 czterech polskich kolarzy &#8211; Sylwestra Szmyda (Liquigas-Cannondale), Przemys\u0142awa Niemca (Lampre-ISD), Rafa\u0142a Majk\u0119 (Saxo-Bank SunGard) i Micha\u0142a Kwiatkowskiego (Radioshack).<\/p>\n","protected":false},"excerpt":{"rendered":"W sobot\u0119, 15 pa\u017adziernika Eurosport przeprowadzi relacj\u0119 na \u017cywo z kolarskiego wy\u015bcigu Giro  di Lombardia.","protected":false},"author":1,"featured_media":11698,"comment_status":"open","ping_status":"closed","sticky":false,"template":"","format":"standard","meta":{"csco_display_header_overlay":false,"csco_singular_sidebar":"","csco_page_header_type":"","csco_page_load_nextpost":"","csco_post_video_location":[],"csco_post_video_location_hash":"","csco_post_video_url":"","csco_post_video_bg_start_time":0,"csco_post_video_bg_end_time":0,"footnotes":""},"categories":[9670],"tags":[672],"class_list":{"0":"post-11697","1":"post","2":"type-post","3":"status-publish","4":"format-standard","5":"has-post-thumbnail","7":"category-tv","8":"tag-eurosport","9":"cs-entry","10":"cs-video-wrap"},"_links":{"self":[{"href":"https:\/\/mediarun.com\/pl\/wp-json\/wp\/v2\/posts\/11697","targetHints":{"allow":["GET"]}}],"collection":[{"href":"https:\/\/mediarun.com\/pl\/wp-json\/wp\/v2\/posts"}],"about":[{"href":"https:\/\/mediarun.com\/pl\/wp-json\/wp\/v2\/types\/post"}],"author":[{"embeddable":true,"href":"https:\/\/mediarun.com\/pl\/wp-json\/wp\/v2\/users\/1"}],"replies":[{"embeddable":true,"href":"https:\/\/mediarun.com\/pl\/wp-json\/wp\/v2\/comments?post=11697"}],"version-history":[{"count":0,"href":"https:\/\/mediarun.com\/pl\/wp-json\/wp\/v2\/posts\/11697\/revisions"}],"wp:featuredmedia":[{"embeddable":true,"href":"https:\/\/mediarun.com\/pl\/wp-json\/wp\/v2\/media\/11698"}],"wp:attachment":[{"href":"https:\/\/mediarun.com\/pl\/wp-json\/wp\/v2\/media?parent=11697"}],"wp:term":[{"taxonomy":"category","embeddable":true,"href":"https:\/\/mediarun.com\/pl\/wp-json\/wp\/v2\/categories?post=11697"},{"taxonomy":"post_tag","embeddable":true,"href":"https:\/\/mediarun.com\/pl\/wp-json\/wp\/v2\/tags?post=11697"}],"curies":[{"name":"wp","href":"https:\/\/api.w.org\/{rel}","templated":true}]}}