{"id":11551,"date":"2011-10-20T22:22:23","date_gmt":"2011-10-20T20:22:23","guid":{"rendered":"https:\/\/mediarun.com\/index.php\/news-posts\/fragmenty-biografii-jobsa-w-gazecie-wyborczej\/"},"modified":"2011-10-20T22:22:23","modified_gmt":"2011-10-20T20:22:23","slug":"fragmenty-biografii-jobsa-w-gazecie-wyborczej","status":"publish","type":"post","link":"https:\/\/mediarun.com\/pl\/media\/prasa\/fragmenty-biografii-jobsa-w-gazecie-wyborczej.html","title":{"rendered":"Fragmenty biografii Jobsa w Gazecie Wyborczej"},"content":{"rendered":"<p>Czytelnicy gazety b\u0119d\u0105 mogli zapozna\u0107 si\u0119 z nimi na dwa dni przed premier\u0105 ksi\u0105\u017cki &#8222;Steve Jobs&#8221; w Stanach Zjednoczonych i na miesi\u0105c przed ukazaniem si\u0119 jej w Polsce.<\/p>\n<p>Autoryzowana biografia Steve&#8217;a Jobsa autorstwa Waltera Isaacsona to opowie\u015b\u0107 o wizjonerze, ekscentryku, perfekcjoni\u015bcie, tw&oacute;rczym przedsi\u0119biorcy o wyrazistej osobowo\u015bci. Z lektury mo\u017cna dowiedzie\u0107 si\u0119, jak Bono i U2 nam&oacute;wili Jobsa na wyprodukowanie czarnego iPoda, jak Jobs konsekwentnie d\u0105\u017cy\u0142 do celu filtruj\u0105c wszystko to, co zb\u0119dne oraz co \u0142\u0105czy\u0142o go z Jonym Ive&#8217;em, g\u0142&oacute;wnym projektantem Apple.<\/p>\n<p>Wydanie Gazety Wyborczej z fragmentami ksi\u0105\u017cki &#8222;Steve Jobs&#8221; b\u0119dzie promowane w stacjach telewizyjnych (TVP1, TVN, Polsat oraz stacje tematyczne) i radiowych (Tok FM, Tr&oacute;jka, Radio Zet), w dzienniku Metro, kinach sieci Helios i Cinema City oraz poprzez autopromocj\u0119.<\/p>\n<p>Kreacj\u0119 kampanii przygotowa\u0142 dzia\u0142 promocji Gazety, za zakup medi&oacute;w odpowiada\u0142 Starlink.<\/p>\n","protected":false},"excerpt":{"rendered":"W sobot\u0119, 22 pa\u017adziernika w &#8222;Magazynie \u015awi\u0105tecznym&#8221; Gazety Wyborczej uka\u017c\u0105 si\u0119 obszerne fragmenty niepublikowanej wcze\u015bniej, autoryzowanej biografii Steve&#8217;a Jobsa.","protected":false},"author":1,"featured_media":11552,"comment_status":"open","ping_status":"closed","sticky":false,"template":"","format":"standard","meta":{"csco_display_header_overlay":false,"csco_singular_sidebar":"","csco_page_header_type":"","csco_page_load_nextpost":"","csco_post_video_location":[],"csco_post_video_location_hash":"","csco_post_video_url":"","csco_post_video_bg_start_time":0,"csco_post_video_bg_end_time":0,"footnotes":""},"categories":[9673],"tags":[196,202],"class_list":{"0":"post-11551","1":"post","2":"type-post","3":"status-publish","4":"format-standard","5":"has-post-thumbnail","7":"category-prasa","8":"tag-apple","9":"tag-gazeta-wyborcza","10":"cs-entry","11":"cs-video-wrap"},"_links":{"self":[{"href":"https:\/\/mediarun.com\/pl\/wp-json\/wp\/v2\/posts\/11551","targetHints":{"allow":["GET"]}}],"collection":[{"href":"https:\/\/mediarun.com\/pl\/wp-json\/wp\/v2\/posts"}],"about":[{"href":"https:\/\/mediarun.com\/pl\/wp-json\/wp\/v2\/types\/post"}],"author":[{"embeddable":true,"href":"https:\/\/mediarun.com\/pl\/wp-json\/wp\/v2\/users\/1"}],"replies":[{"embeddable":true,"href":"https:\/\/mediarun.com\/pl\/wp-json\/wp\/v2\/comments?post=11551"}],"version-history":[{"count":0,"href":"https:\/\/mediarun.com\/pl\/wp-json\/wp\/v2\/posts\/11551\/revisions"}],"wp:featuredmedia":[{"embeddable":true,"href":"https:\/\/mediarun.com\/pl\/wp-json\/wp\/v2\/media\/11552"}],"wp:attachment":[{"href":"https:\/\/mediarun.com\/pl\/wp-json\/wp\/v2\/media?parent=11551"}],"wp:term":[{"taxonomy":"category","embeddable":true,"href":"https:\/\/mediarun.com\/pl\/wp-json\/wp\/v2\/categories?post=11551"},{"taxonomy":"post_tag","embeddable":true,"href":"https:\/\/mediarun.com\/pl\/wp-json\/wp\/v2\/tags?post=11551"}],"curies":[{"name":"wp","href":"https:\/\/api.w.org\/{rel}","templated":true}]}}