{"id":11453,"date":"2011-10-26T15:19:44","date_gmt":"2011-10-26T13:19:44","guid":{"rendered":"https:\/\/mediarun.com\/index.php\/news-posts\/pobity-wojewodzki-w-kampanii-eski-rock-wideo\/"},"modified":"2011-10-26T15:19:44","modified_gmt":"2011-10-26T13:19:44","slug":"pobity-wojewodzki-w-kampanii-eski-rock-wideo","status":"publish","type":"post","link":"https:\/\/mediarun.com\/pl\/marketing\/atl\/pobity-wojewodzki-w-kampanii-eski-rock-wideo.html","title":{"rendered":"Pobity Wojew\u00f3dzki w kampanii Eski Rock (wideo)"},"content":{"rendered":"<p>Kreacja kampanii, w kt&oacute;rej wykorzystano wizerunki prowadz\u0105cych &#8222;Poranny WF&#8221;, ma budzi\u0107 silne i czasem zupe\u0142nie skrajne emocje.<\/p>\n<p>&#8211; Pomys\u0142 tej kampanii \u015bwietnie oddaje ide\u0119 programu prowadzonego przez Kub\u0119 i Micha\u0142a. To prawdziwa &#8222;jazda po bandzie&#8221;, bez zahamowa\u0144 i temat&oacute;w tabu &#8211; przekonuje Mariusz Jankowski, dyrektor promocji Eski Rock.<\/p>\n<p>Trwaj\u0105ce miesi\u0105c intensywne dzia\u0142ania promocyjne obejmuj\u0105 aglomeracje warszawsk\u0105, \u015bl\u0105sk\u0105 i krakowsk\u0105. W stolicy wizerunki Wojew&oacute;dzkiego i Figurskiego pojawi\u0105 si\u0119 na dw&oacute;ch du\u017cych formatach przy ul. Pu\u0142awskiej i na Rivierze, w Katowicach &#8211; na Hotelu Katowice. W kampanii zostanie wykorzystanych ponad 250 powierzchni outdoorowych zlokalizowanych w trzech wspomnianych miastach, w formatach 6&#215;3 i 5&#215;2. Reklama pojawi si\u0119 w miejskich autobusach oraz w sieci Multikino (kampania on i off screen) i Cinema City (off screen). W prasie kampani\u0105 s\u0105 obj\u0119te tytu\u0142y: dodatek do Gazety Wyborczej &#8211; &#8222;Co jest grane&#8221;, tygodnik Newsweek oraz magazyny: Teraz Rock, Logo i CKM. W kampanii wykorzystano tak\u017ce portale WP.pl i Onet.pl.<\/p>\n<p>&#8211; W konwencji podobnej do Kuby i Micha\u0142a wyst\u0105pi r&oacute;wnie\u017c ca\u0142y zesp&oacute;\u0142 Eski Rock. Swoje &#8222;przyjemne&#8221; twarze wkr&oacute;tce zaprezentuj\u0105 na stronie internetowej stacji i na profilu Eski Rock na Facebooku &#8211; dodaje Mariusz Jankowski.<\/p>\n<p>Autorem kreacji kampanii s\u0105 dzia\u0142y programowy i promocji Eski Rock, outdoor zaplanowa\u0142 Starcom, pozosta\u0142e media &#8211; Dzia\u0142 Promocji stacji.&nbsp;<\/p>\n<p>Ostatni\u0105 tak intensywn\u0105 kampani\u0119 wizerunkow\u0105, promuj\u0105c\u0105 poranek Eski Rock, stacja przeprowadzi\u0142a w 2008 roku.<\/p>\n","protected":false},"excerpt":{"rendered":"&#8222;Wojew&oacute;dzki i Figurski w dobrej formie od rana tylko w Eska Rock&#8221; &#8211; takim has\u0142em stacja rozpoczyna kampani\u0119 promuj\u0105c\u0105 program prowadzony przez Kub\u0119 Wojew&oacute;dzkiego i Micha\u0142a Figurskiego.","protected":false},"author":1,"featured_media":11454,"comment_status":"open","ping_status":"closed","sticky":false,"template":"","format":"standard","meta":{"csco_display_header_overlay":false,"csco_singular_sidebar":"","csco_page_header_type":"","csco_page_load_nextpost":"","csco_post_video_location":[],"csco_post_video_location_hash":"","csco_post_video_url":"","csco_post_video_bg_start_time":0,"csco_post_video_bg_end_time":0,"footnotes":""},"categories":[9642],"tags":[977,588,973,200],"class_list":{"0":"post-11453","1":"post","2":"type-post","3":"status-publish","4":"format-standard","5":"has-post-thumbnail","7":"category-atl","8":"tag-figurski","9":"tag-kuba-wojewodzki","10":"tag-radio-eska","11":"tag-reklama","12":"cs-entry","13":"cs-video-wrap"},"_links":{"self":[{"href":"https:\/\/mediarun.com\/pl\/wp-json\/wp\/v2\/posts\/11453","targetHints":{"allow":["GET"]}}],"collection":[{"href":"https:\/\/mediarun.com\/pl\/wp-json\/wp\/v2\/posts"}],"about":[{"href":"https:\/\/mediarun.com\/pl\/wp-json\/wp\/v2\/types\/post"}],"author":[{"embeddable":true,"href":"https:\/\/mediarun.com\/pl\/wp-json\/wp\/v2\/users\/1"}],"replies":[{"embeddable":true,"href":"https:\/\/mediarun.com\/pl\/wp-json\/wp\/v2\/comments?post=11453"}],"version-history":[{"count":0,"href":"https:\/\/mediarun.com\/pl\/wp-json\/wp\/v2\/posts\/11453\/revisions"}],"wp:featuredmedia":[{"embeddable":true,"href":"https:\/\/mediarun.com\/pl\/wp-json\/wp\/v2\/media\/11454"}],"wp:attachment":[{"href":"https:\/\/mediarun.com\/pl\/wp-json\/wp\/v2\/media?parent=11453"}],"wp:term":[{"taxonomy":"category","embeddable":true,"href":"https:\/\/mediarun.com\/pl\/wp-json\/wp\/v2\/categories?post=11453"},{"taxonomy":"post_tag","embeddable":true,"href":"https:\/\/mediarun.com\/pl\/wp-json\/wp\/v2\/tags?post=11453"}],"curies":[{"name":"wp","href":"https:\/\/api.w.org\/{rel}","templated":true}]}}