{"id":11325,"date":"2011-11-02T13:26:23","date_gmt":"2011-11-02T12:26:23","guid":{"rendered":"https:\/\/mediarun.com\/index.php\/news-posts\/agencja-9-90-pr-dla-bukoviny\/"},"modified":"2011-11-02T13:26:23","modified_gmt":"2011-11-02T12:26:23","slug":"agencja-9-90-pr-dla-bukoviny","status":"publish","type":"post","link":"https:\/\/mediarun.com\/pl\/marketing\/pr\/agencja-9-90-pr-dla-bukoviny.html","title":{"rendered":"Agencja 9.90 PR dla Bukoviny"},"content":{"rendered":"<p>W zakresie dzia\u0142a\u0144 agencji znalaz\u0142y si\u0119 mi\u0119dzy innymi: media relations, B2B, komunikacja wewn\u0119trzna, e-PR, doradztwo w zakresie dzia\u0142a\u0144 CRS oraz zarz\u0105dzanie sytuacjami kryzysowym. Dzia\u0142ania agencji maj\u0105 na celu opracowanie i wdro\u017cenie sp&oacute;jnej strategii komunikacyjnej w celu budowania \u015bwiadomo\u015bci marki Bukovina.<\/p>\n<p>Umowa obowi\u0105zywa\u0107 b\u0119dzie przez rok. Wsp&oacute;\u0142praca zosta\u0142a podj\u0119ta z inicjatywy agencji. W imieniu 9.90 PR wsp&oacute;\u0142prac\u0119 koordynuje Monika Ci\u015blak &#8211; junior PR manager.<\/p>\n<p>Bukovina Terma Hotel SPA to kompleks obiekt&oacute;w rekreacyjno-turystycznych po\u0142o\u017cony u podn&oacute;\u017ca Tatr w Bukowinie Tatrza\u0144skiej. W sk\u0142ad kompleksu wchodzi hotel wraz z o\u015brodkiem SPA i centrum konferencyjnym oraz rozbudowany zesp&oacute;\u0142 basen&oacute;w termalnych.<\/p>\n","protected":false},"excerpt":{"rendered":"Agencja 9.90 Public Relations rozpoczyna wsp&oacute;\u0142prac\u0119 z Bukovina Terma Hotel SPA &#8211; kompleksem w Bukowinie Tatrza\u0144skiej.","protected":false},"author":1,"featured_media":11326,"comment_status":"open","ping_status":"closed","sticky":false,"template":"","format":"standard","meta":{"csco_display_header_overlay":false,"csco_singular_sidebar":"","csco_page_header_type":"","csco_page_load_nextpost":"","csco_post_video_location":[],"csco_post_video_location_hash":"","csco_post_video_url":"","csco_post_video_bg_start_time":0,"csco_post_video_bg_end_time":0,"footnotes":""},"categories":[9648],"tags":[1182],"class_list":{"0":"post-11325","1":"post","2":"type-post","3":"status-publish","4":"format-standard","5":"has-post-thumbnail","7":"category-pr","8":"tag-9-90-public-relations","9":"cs-entry","10":"cs-video-wrap"},"_links":{"self":[{"href":"https:\/\/mediarun.com\/pl\/wp-json\/wp\/v2\/posts\/11325","targetHints":{"allow":["GET"]}}],"collection":[{"href":"https:\/\/mediarun.com\/pl\/wp-json\/wp\/v2\/posts"}],"about":[{"href":"https:\/\/mediarun.com\/pl\/wp-json\/wp\/v2\/types\/post"}],"author":[{"embeddable":true,"href":"https:\/\/mediarun.com\/pl\/wp-json\/wp\/v2\/users\/1"}],"replies":[{"embeddable":true,"href":"https:\/\/mediarun.com\/pl\/wp-json\/wp\/v2\/comments?post=11325"}],"version-history":[{"count":0,"href":"https:\/\/mediarun.com\/pl\/wp-json\/wp\/v2\/posts\/11325\/revisions"}],"wp:featuredmedia":[{"embeddable":true,"href":"https:\/\/mediarun.com\/pl\/wp-json\/wp\/v2\/media\/11326"}],"wp:attachment":[{"href":"https:\/\/mediarun.com\/pl\/wp-json\/wp\/v2\/media?parent=11325"}],"wp:term":[{"taxonomy":"category","embeddable":true,"href":"https:\/\/mediarun.com\/pl\/wp-json\/wp\/v2\/categories?post=11325"},{"taxonomy":"post_tag","embeddable":true,"href":"https:\/\/mediarun.com\/pl\/wp-json\/wp\/v2\/tags?post=11325"}],"curies":[{"name":"wp","href":"https:\/\/api.w.org\/{rel}","templated":true}]}}