{"id":11157,"date":"2011-11-07T19:12:21","date_gmt":"2011-11-07T18:12:21","guid":{"rendered":"https:\/\/mediarun.com\/index.php\/news-posts\/lukasz-wejchert-odchodzi-z-onetu\/"},"modified":"2011-11-07T19:12:21","modified_gmt":"2011-11-07T18:12:21","slug":"lukasz-wejchert-odchodzi-z-onetu","status":"publish","type":"post","link":"https:\/\/mediarun.com\/pl\/digital\/internet\/lukasz-wejchert-odchodzi-z-onetu.html","title":{"rendered":"\u0141ukasz Wejchert odchodzi z Onetu"},"content":{"rendered":"<p>Nabycie akcji w\u0142asnych przez ITI jest warunkowe i ma zosta\u0107 zrealizowane r&oacute;wnolegle z podpisaniem ostatecznych um&oacute;w zwi\u0105zanych z wej\u015bciem w strategiczne partnerstwo z Grup\u0105 Canal+ przed ko\u0144cem br.<\/p>\n<p>\u0141ukasz Wejchert o\u015bwiadczy\u0142, \u017ce po odkupieniu udzia\u0142&oacute;w, b\u0119dzie rozwija\u0142 swoj\u0105 karier\u0119 w bran\u017cy online poza Grup\u0105 ITI.<\/p>\n<p>&#8211; Rozstanie z utalentowanymi kolegami nie jest proste, ale podj\u0105\u0142em t\u0105 decyzj\u0119, aby pod\u0105\u017ca\u0107 za g\u0142osem serca, realizowa\u0107 swoj\u0105 pasj\u0119 i w 100% skoncentrowa\u0107 si\u0119 na on-line i projektach, w kt&oacute;rych technologia odgrywa kluczow\u0105 rol\u0119, a odej\u015bcie z ITI mi to w\u0142a\u015bnie umo\u017cliwi &#8211; przekonuje \u0141ukasz Wejchert.<\/p>\n<p>&#8211; Jako Grupa ITI jeste\u015bmy w uprzywilejowanej sytuacji mog\u0105c zapewni\u0107 ci\u0105g\u0142o\u015b\u0107 zarz\u0105dzania w Onecie, wybieraj\u0105c manager&oacute;w spo\u015br&oacute;d naszych wsp&oacute;\u0142pracownik&oacute;w. Ciesz\u0119 si\u0119, \u017ce uda\u0142o nam si\u0119 znale\u017a\u0107 rozwi\u0105zanie uwzgl\u0119dniaj\u0105ce interesy wszystkich akcjonariuszy Grupy ITI &#8211; m&oacute;wi cytowany w komunikacie prasowym Bruno Valsangiacomo, prezydent Grupy ITI.<\/p>\n<p>Valsangiacomo zapewni\u0142, \u017ce pozostali udzia\u0142owcy do\u0142o\u017c\u0105 wszelkich stara\u0144 do dalszego rozwoju Grupy ITI, d\u0105\u017c\u0105c do &#8222;zachowania jej ci\u0105g\u0142o\u015bci, innowacyjno\u015bci i wzmocnienia pozycji rynkowego lidera&#8221;.<\/p>\n<p>Wejchert pe\u0142ni\u0142 w ostatnim czasie funkcj\u0119 prezesa portalu Onet, wiceprezesa zarz\u0105du Grupy TVN ds. Online oraz cz\u0142onka Komitetu Wykonawczego Grupy ITI.<\/p>\n","protected":false},"excerpt":{"rendered":"ITI Holdings chce odkupi\u0107 udzia\u0142y nale\u017c\u0105ce do firm zwi\u0105zanych z \u0141ukaszem Wejchertem, Agat\u0105 Wejchert-Dworniak i Victori\u0105 Wejchert.","protected":false},"author":1,"featured_media":11158,"comment_status":"open","ping_status":"closed","sticky":false,"template":"","format":"standard","meta":{"csco_display_header_overlay":false,"csco_singular_sidebar":"","csco_page_header_type":"","csco_page_load_nextpost":"","csco_post_video_location":[],"csco_post_video_location_hash":"","csco_post_video_url":"","csco_post_video_bg_start_time":0,"csco_post_video_bg_end_time":0,"footnotes":""},"categories":[9676],"tags":[132],"class_list":{"0":"post-11157","1":"post","2":"type-post","3":"status-publish","4":"format-standard","5":"has-post-thumbnail","7":"category-internet","8":"tag-onet-pl","9":"cs-entry","10":"cs-video-wrap"},"_links":{"self":[{"href":"https:\/\/mediarun.com\/pl\/wp-json\/wp\/v2\/posts\/11157","targetHints":{"allow":["GET"]}}],"collection":[{"href":"https:\/\/mediarun.com\/pl\/wp-json\/wp\/v2\/posts"}],"about":[{"href":"https:\/\/mediarun.com\/pl\/wp-json\/wp\/v2\/types\/post"}],"author":[{"embeddable":true,"href":"https:\/\/mediarun.com\/pl\/wp-json\/wp\/v2\/users\/1"}],"replies":[{"embeddable":true,"href":"https:\/\/mediarun.com\/pl\/wp-json\/wp\/v2\/comments?post=11157"}],"version-history":[{"count":0,"href":"https:\/\/mediarun.com\/pl\/wp-json\/wp\/v2\/posts\/11157\/revisions"}],"wp:featuredmedia":[{"embeddable":true,"href":"https:\/\/mediarun.com\/pl\/wp-json\/wp\/v2\/media\/11158"}],"wp:attachment":[{"href":"https:\/\/mediarun.com\/pl\/wp-json\/wp\/v2\/media?parent=11157"}],"wp:term":[{"taxonomy":"category","embeddable":true,"href":"https:\/\/mediarun.com\/pl\/wp-json\/wp\/v2\/categories?post=11157"},{"taxonomy":"post_tag","embeddable":true,"href":"https:\/\/mediarun.com\/pl\/wp-json\/wp\/v2\/tags?post=11157"}],"curies":[{"name":"wp","href":"https:\/\/api.w.org\/{rel}","templated":true}]}}