{"id":11029,"date":"2011-11-10T16:57:01","date_gmt":"2011-11-10T15:57:01","guid":{"rendered":"https:\/\/mediarun.com\/index.php\/news-posts\/ale-kino-zmienia-oprawe-graficzna\/"},"modified":"2011-11-10T16:57:01","modified_gmt":"2011-11-10T15:57:01","slug":"ale-kino-zmienia-oprawe-graficzna","status":"publish","type":"post","link":"https:\/\/mediarun.com\/pl\/media\/tv\/ale-kino-zmienia-oprawe-graficzna.html","title":{"rendered":"Ale Kino+ zmienia opraw\u0119 graficzn\u0105"},"content":{"rendered":"<p>Ale Kino+, podobnie jak wszystkie pozosta\u0142e kana\u0142y tematyczne produkowane przez Canal+ Cyfrowy, rozpocznie 11 listopada nadawanie w jako\u015bci HD. Jednocze\u015bnie zmieni logotyp i nazw\u0119 z ale kino! na Ale Kino+, a na antenie pojawi si\u0119 nowa oprawa graficzna.<\/p>\n<p>Nowe logo Ale Kino+ to przesuni\u0119ty o 7 stopni poziomy prostok\u0105t, wzbogacony delikatnym zagi\u0119ciem charakterystycznym dla nowej rodziny znak&oacute;w kana\u0142&oacute;w tematycznych sp&oacute;\u0142ki Canal+ Cyfrowy. Podstaw\u0105 logotypu jest, r&oacute;wnie\u017c charakterystyczna dla wszystkich kana\u0142&oacute;w z rodziny nadawcy, czarna belka ze znakiem &#8222;+&#8221;, symbolizuj\u0105cym zar&oacute;wno techniczn\u0105, jak i merytoryczn\u0105 jako\u015b\u0107 nadawanych program&oacute;w.<\/p>\n<p>Opr&oacute;cz g\u0142&oacute;wnego jingla stworzone zostan\u0105 nowe zwiastuny tematyczne nawi\u0105zuj\u0105ce do gatunku filmowego, kt&oacute;ry b\u0119d\u0105 poprzedza\u0107. I tak np. przed filmem w pa\u015bmie &#8222;ale klasyczne&#8221; obraz i muzyka przywo\u0142ywa\u0107 b\u0119d\u0105 tradycj\u0119 kina noir, a przed filmami akcji czy grozy &#8211; klimat tajemniczo\u015bci i suspensu.<\/p>\n<p>Now\u0105 identyfikacj\u0119 wizualn\u0105 Ale Kino+ stworzy\u0142 Dzia\u0142 Kreacji i Grafiki sp&oacute;\u0142ki Canal+ Cyfrowy. Oprawa antenowa inspirowana jest konceptem kreatywnym kana\u0142&oacute;w filmowych z rodziny Cine+, kt&oacute;rych producentem jest Grupa Canal+.<\/p>\n","protected":false},"excerpt":{"rendered":"Emisja w wysokiej rozdzielczo\u015bci, nowa nazwa, logotyp i oprawa antenowa &#8211; 11 listopada wszystko to zobacz\u0105 widzowie Ale Kino+.","protected":false},"author":1,"featured_media":11030,"comment_status":"open","ping_status":"closed","sticky":false,"template":"","format":"standard","meta":{"csco_display_header_overlay":false,"csco_singular_sidebar":"","csco_page_header_type":"","csco_page_load_nextpost":"","csco_post_video_location":[],"csco_post_video_location_hash":"","csco_post_video_url":"","csco_post_video_bg_start_time":0,"csco_post_video_bg_end_time":0,"footnotes":""},"categories":[9670],"tags":[],"class_list":{"0":"post-11029","1":"post","2":"type-post","3":"status-publish","4":"format-standard","5":"has-post-thumbnail","7":"category-tv","8":"cs-entry","9":"cs-video-wrap"},"_links":{"self":[{"href":"https:\/\/mediarun.com\/pl\/wp-json\/wp\/v2\/posts\/11029","targetHints":{"allow":["GET"]}}],"collection":[{"href":"https:\/\/mediarun.com\/pl\/wp-json\/wp\/v2\/posts"}],"about":[{"href":"https:\/\/mediarun.com\/pl\/wp-json\/wp\/v2\/types\/post"}],"author":[{"embeddable":true,"href":"https:\/\/mediarun.com\/pl\/wp-json\/wp\/v2\/users\/1"}],"replies":[{"embeddable":true,"href":"https:\/\/mediarun.com\/pl\/wp-json\/wp\/v2\/comments?post=11029"}],"version-history":[{"count":0,"href":"https:\/\/mediarun.com\/pl\/wp-json\/wp\/v2\/posts\/11029\/revisions"}],"wp:featuredmedia":[{"embeddable":true,"href":"https:\/\/mediarun.com\/pl\/wp-json\/wp\/v2\/media\/11030"}],"wp:attachment":[{"href":"https:\/\/mediarun.com\/pl\/wp-json\/wp\/v2\/media?parent=11029"}],"wp:term":[{"taxonomy":"category","embeddable":true,"href":"https:\/\/mediarun.com\/pl\/wp-json\/wp\/v2\/categories?post=11029"},{"taxonomy":"post_tag","embeddable":true,"href":"https:\/\/mediarun.com\/pl\/wp-json\/wp\/v2\/tags?post=11029"}],"curies":[{"name":"wp","href":"https:\/\/api.w.org\/{rel}","templated":true}]}}