{"id":110175,"date":"2003-09-23T22:08:09","date_gmt":"2003-09-23T20:08:09","guid":{"rendered":"https:\/\/mediarun.com\/index.php\/news-posts\/brakuje-czestotliwosci-tv\/"},"modified":"2003-09-23T22:08:09","modified_gmt":"2003-09-23T20:08:09","slug":"brakuje-czestotliwosci-tv","status":"publish","type":"post","link":"https:\/\/mediarun.com\/pl\/media\/tv\/brakuje-czestotliwosci-tv.html","title":{"rendered":"Brakuje cz\u0119stotliwo\u015bci TV"},"content":{"rendered":"<p>Jest to odpowied\u017a na skargi, jakie wp\u0142ywa\u0142y do biura Rzecznika. Dotyczy\u0142y one braku dost\u0119pu do regionalnych program\u00f3w telewizji publicznej, a zg\u0142aszali je mieszka\u0144cy wojew\u00f3dztwa \u015bwi\u0119tokrzyskiego, \u017bywiecczyzny i okolicy Muszyny oraz Krynicy.<\/p>\n<p>Szefowa Krajowej Rady Radiofonii i Telewizji poinformowa\u0142a, \u017ce obecnie nie widzi mo\u017cliwo\u015bci &#8222;zaspokojenia potrzeb&#8221; mieszka\u0144c\u00f3w tych region\u00f3w, bo Rada nie dysponuje wolnymi kana\u0142ami. Zaznaczy\u0142a, \u017ce jedynym realnym rozwi\u0105zaniem pozostaje mo\u017cliwo\u015b\u0107 wprowadzenia w przysz\u0142o\u015bci naziemnej telewizji cyfrowej. <\/p>\n","protected":false},"excerpt":{"rendered":"KRRiT nie dysponuje wolnymi kana\u0142ami, kt\u00f3re mog\u0142yby by\u0107 wykorzystane do pokrycia programem regionalnym ca\u0142o\u015bci wojew\u00f3dztw: \u015bl\u0105skiego, \u015bwi\u0119tokrzyskiego i ma\u0142opolskiego &#8211; poinformowa\u0142a Rzecznika Praw Obywatelskich szefowa Rady Danuta Waniek.","protected":false},"author":1,"featured_media":110176,"comment_status":"open","ping_status":"closed","sticky":false,"template":"","format":"standard","meta":{"csco_display_header_overlay":false,"csco_singular_sidebar":"","csco_page_header_type":"","csco_page_load_nextpost":"","csco_post_video_location":[],"csco_post_video_location_hash":"","csco_post_video_url":"","csco_post_video_bg_start_time":0,"csco_post_video_bg_end_time":0,"footnotes":""},"categories":[9670],"tags":[],"class_list":{"0":"post-110175","1":"post","2":"type-post","3":"status-publish","4":"format-standard","5":"has-post-thumbnail","7":"category-tv","8":"cs-entry","9":"cs-video-wrap"},"_links":{"self":[{"href":"https:\/\/mediarun.com\/pl\/wp-json\/wp\/v2\/posts\/110175","targetHints":{"allow":["GET"]}}],"collection":[{"href":"https:\/\/mediarun.com\/pl\/wp-json\/wp\/v2\/posts"}],"about":[{"href":"https:\/\/mediarun.com\/pl\/wp-json\/wp\/v2\/types\/post"}],"author":[{"embeddable":true,"href":"https:\/\/mediarun.com\/pl\/wp-json\/wp\/v2\/users\/1"}],"replies":[{"embeddable":true,"href":"https:\/\/mediarun.com\/pl\/wp-json\/wp\/v2\/comments?post=110175"}],"version-history":[{"count":0,"href":"https:\/\/mediarun.com\/pl\/wp-json\/wp\/v2\/posts\/110175\/revisions"}],"wp:featuredmedia":[{"embeddable":true,"href":"https:\/\/mediarun.com\/pl\/wp-json\/wp\/v2\/media\/110176"}],"wp:attachment":[{"href":"https:\/\/mediarun.com\/pl\/wp-json\/wp\/v2\/media?parent=110175"}],"wp:term":[{"taxonomy":"category","embeddable":true,"href":"https:\/\/mediarun.com\/pl\/wp-json\/wp\/v2\/categories?post=110175"},{"taxonomy":"post_tag","embeddable":true,"href":"https:\/\/mediarun.com\/pl\/wp-json\/wp\/v2\/tags?post=110175"}],"curies":[{"name":"wp","href":"https:\/\/api.w.org\/{rel}","templated":true}]}}